{"id":15164,"date":"2025-03-07T15:00:07","date_gmt":"2025-03-07T15:00:07","guid":{"rendered":"https:\/\/haberbesiktas.tr\/?p=15164"},"modified":"2025-03-07T15:00:07","modified_gmt":"2025-03-07T15:00:07","slug":"alvaro-morata-ahmed-kutucu-cok-caliskan","status":"publish","type":"post","link":"https:\/\/haberbesiktas.tr\/?p=15164","title":{"rendered":"Alvaro Morata: &#8220;Ahmed Kutucu \u00e7ok \u00e7al\u0131\u015fkan&#8221;"},"content":{"rendered":"<div>Ziraat T\u00fcrkiye Kupas\u0131&#8217;nda Galatasaray, Boluspor&#8217;u deplasmanda 4-1 ma\u011flup etti. <\/p>\n<p>M\u00fccadelede Galatasaray&#8217;\u0131n birinci gol\u00fcn\u00fc atan yeni transfer Alvaro Morata, ma\u00e7\u0131n akabinde a\u00e7\u0131klamalarda bulundu.\u00a0<\/p>\n<p><strong>&#8220;HAR\u0130KA B\u0130R \u00dcLKEDEY\u0130M&#8221;<\/strong><\/p>\n<p><span><span>Transfer s\u00fcreci ile ilgili konu\u015fan Morata,<strong> &#8220;Dolu dolu g\u00fcnler ge\u00e7ti. T\u00fcrkiye&#8217;deki t\u00fcm insanlara te\u015fekk\u00fcr ederim bu \u015fahane \u00fclkede \u00e7ok ho\u015f kar\u015f\u0131land\u0131m. Kul\u00fcpteki herkese te\u015fekk\u00fcr ederim. Bu s\u00fcreci kolayla\u015ft\u0131rd\u0131lar. Kadro arkada\u015flar\u0131m beni k\u0131sa m\u00fcddette ortas\u0131na ald\u0131. Kusursuz bir \u00fclkede oldu\u011fumu hissediyorum.&#8221;<\/strong> dedi.<\/p>\n<p><strong>&#8220;AHMED \u00c7OK \u00c7ALI\u015eKAN&#8221;<\/strong><br \/><\/span><\/span> &#8220;Galatasaray&#8217;da forvet rotasyonu ve forma rekabeti ile ilgili gelen cevap veren \u0130spanyol golc\u00fc, <strong>&#8220;<\/strong><span><strong>Ahmed&#8217;i de unutmamak laz\u0131m. Bug\u00fcn inan\u0131lmaz bir gol att\u0131. \u00c7ok \u00e7al\u0131\u015fkan bir insan. Avrupa Ligi ma\u00e7lar\u0131m\u0131z da var. Bu beni heyecanland\u0131r\u0131yor. Hepimiz de daha \u00e7ok gol atmak ve ekibe yard\u0131mc\u0131 olmak i\u00e7in gayret edece\u011fiz.&#8221;<\/strong> tabirlerini kulland\u0131.<\/span><\/p>\n<\/div>\n","protected":false},"excerpt":{"rendered":"<p>Ziraat T\u00fcrkiye Kupas\u0131&#8217;nda Boluspor&#8217;u deplasmanda 4-1 yenen Galatasaray&#8217;da grubunun birinci gol\u00fcn\u00fc atan Alvaro Morata, \u00e7aban\u0131n akabinde a\u00e7\u0131klamalarda bulundu.<\/p>\n","protected":false},"author":1,"featured_media":15165,"comment_status":"open","ping_status":"open","sticky":false,"template":"","format":"standard","meta":{"footnotes":""},"categories":[25],"tags":[],"class_list":["post-15164","post","type-post","status-publish","format-standard","has-post-thumbnail","hentry","category-futbol"],"_links":{"self":[{"href":"https:\/\/haberbesiktas.tr\/index.php?rest_route=\/wp\/v2\/posts\/15164","targetHints":{"allow":["GET"]}}],"collection":[{"href":"https:\/\/haberbesiktas.tr\/index.php?rest_route=\/wp\/v2\/posts"}],"about":[{"href":"https:\/\/haberbesiktas.tr\/index.php?rest_route=\/wp\/v2\/types\/post"}],"author":[{"embeddable":true,"href":"https:\/\/haberbesiktas.tr\/index.php?rest_route=\/wp\/v2\/users\/1"}],"replies":[{"embeddable":true,"href":"https:\/\/haberbesiktas.tr\/index.php?rest_route=%2Fwp%2Fv2%2Fcomments&post=15164"}],"version-history":[{"count":1,"href":"https:\/\/haberbesiktas.tr\/index.php?rest_route=\/wp\/v2\/posts\/15164\/revisions"}],"predecessor-version":[{"id":15166,"href":"https:\/\/haberbesiktas.tr\/index.php?rest_route=\/wp\/v2\/posts\/15164\/revisions\/15166"}],"wp:featuredmedia":[{"embeddable":true,"href":"https:\/\/haberbesiktas.tr\/index.php?rest_route=\/wp\/v2\/media\/15165"}],"wp:attachment":[{"href":"https:\/\/haberbesiktas.tr\/index.php?rest_route=%2Fwp%2Fv2%2Fmedia&parent=15164"}],"wp:term":[{"taxonomy":"category","embeddable":true,"href":"https:\/\/haberbesiktas.tr\/index.php?rest_route=%2Fwp%2Fv2%2Fcategories&post=15164"},{"taxonomy":"post_tag","embeddable":true,"href":"https:\/\/haberbesiktas.tr\/index.php?rest_route=%2Fwp%2Fv2%2Ftags&post=15164"}],"curies":[{"name":"wp","href":"https:\/\/api.w.org\/{rel}","templated":true}]}}