{"id":15167,"date":"2025-03-07T15:12:06","date_gmt":"2025-03-07T15:12:06","guid":{"rendered":"https:\/\/haberbesiktas.tr\/?p=15167"},"modified":"2025-03-07T15:12:06","modified_gmt":"2025-03-07T15:12:06","slug":"hatayspor-veda-etti-iste-erce-kardeslerin-yeni-takimi","status":"publish","type":"post","link":"https:\/\/haberbesiktas.tr\/?p=15167","title":{"rendered":"Hatayspor veda etti: \u0130\u015fte Erce Karde\u015fler&#8217;in yeni tak\u0131m\u0131"},"content":{"rendered":"<div>S\u00fcper Lig gruplar\u0131ndan Hatayspor&#8217;da s\u00fcrpriz bir veda ger\u00e7ekle\u015fti.<\/p>\n<p> Hatayspor, kaptan Erce Karde\u015fler ile yollar\u0131n ayr\u0131ld\u0131\u011f\u0131n\u0131 a\u00e7\u0131klad\u0131.<\/p>\n<p> <strong>Hatayspor&#8217;un a\u00e7\u0131klamas\u0131 \u015fu halde:<\/strong><\/p>\n<p> &#8220;Tak\u0131m kaptanlar\u0131m\u0131zdan Erce Karde\u015fler ile kar\u015f\u0131l\u0131kl\u0131 anla\u015farak yollar\u0131m\u0131z\u0131 ay\u0131rm\u0131\u015f bulunmaktay\u0131z. Erce Karde\u015fler&#8217;e vermi\u015f oldu\u011fu emekler i\u00e7in te\u015fekk\u00fcr eder, bundan sonraki mesle\u011finde sonsuz muvaffakiyetler dileriz.&#8221;<\/p>\n<p> <strong>YEN\u0130 ADRES\u0130 MUHAKKAK OLDU<\/strong><\/p>\n<p> Erce Karde\u015fler, Hatayspor&#8217;dan ayr\u0131ld\u0131ktan k\u0131sa bir m\u00fcddet sonra yeni adresi de muhakkak oldu. 1. Lig gruplar\u0131ndan Amed Sportif Faaliyetler, 30 ya\u015f\u0131ndaki file bek\u00e7isini tak\u0131m\u0131na katt\u0131\u011f\u0131n\u0131 a\u00e7\u0131klad\u0131.<\/p>\n<p> <span><strong>\u00a0<\/strong><\/span><\/p>\n<\/div>\n","protected":false},"excerpt":{"rendered":"<p>Hatayspor, kadro kaptan\u0131 Erce Karde\u015fler ile yollar\u0131n ayr\u0131ld\u0131\u011f\u0131n\u0131 a\u00e7\u0131klad\u0131. Erce Karde\u015fler&#8217;in yeni adresi 1. Lig&#8217;den Amed Sportif Faaliyetler oldu.<\/p>\n","protected":false},"author":1,"featured_media":15168,"comment_status":"open","ping_status":"open","sticky":false,"template":"","format":"standard","meta":{"footnotes":""},"categories":[25],"tags":[],"class_list":["post-15167","post","type-post","status-publish","format-standard","has-post-thumbnail","hentry","category-futbol"],"_links":{"self":[{"href":"https:\/\/haberbesiktas.tr\/index.php?rest_route=\/wp\/v2\/posts\/15167","targetHints":{"allow":["GET"]}}],"collection":[{"href":"https:\/\/haberbesiktas.tr\/index.php?rest_route=\/wp\/v2\/posts"}],"about":[{"href":"https:\/\/haberbesiktas.tr\/index.php?rest_route=\/wp\/v2\/types\/post"}],"author":[{"embeddable":true,"href":"https:\/\/haberbesiktas.tr\/index.php?rest_route=\/wp\/v2\/users\/1"}],"replies":[{"embeddable":true,"href":"https:\/\/haberbesiktas.tr\/index.php?rest_route=%2Fwp%2Fv2%2Fcomments&post=15167"}],"version-history":[{"count":1,"href":"https:\/\/haberbesiktas.tr\/index.php?rest_route=\/wp\/v2\/posts\/15167\/revisions"}],"predecessor-version":[{"id":15169,"href":"https:\/\/haberbesiktas.tr\/index.php?rest_route=\/wp\/v2\/posts\/15167\/revisions\/15169"}],"wp:featuredmedia":[{"embeddable":true,"href":"https:\/\/haberbesiktas.tr\/index.php?rest_route=\/wp\/v2\/media\/15168"}],"wp:attachment":[{"href":"https:\/\/haberbesiktas.tr\/index.php?rest_route=%2Fwp%2Fv2%2Fmedia&parent=15167"}],"wp:term":[{"taxonomy":"category","embeddable":true,"href":"https:\/\/haberbesiktas.tr\/index.php?rest_route=%2Fwp%2Fv2%2Fcategories&post=15167"},{"taxonomy":"post_tag","embeddable":true,"href":"https:\/\/haberbesiktas.tr\/index.php?rest_route=%2Fwp%2Fv2%2Ftags&post=15167"}],"curies":[{"name":"wp","href":"https:\/\/api.w.org\/{rel}","templated":true}]}}