{"id":15173,"date":"2025-03-07T15:36:07","date_gmt":"2025-03-07T15:36:07","guid":{"rendered":"https:\/\/haberbesiktas.tr\/?p=15173"},"modified":"2025-03-07T15:36:07","modified_gmt":"2025-03-07T15:36:07","slug":"galatasarayda-eyup-aydin-attigi-golu-anlatti","status":"publish","type":"post","link":"https:\/\/haberbesiktas.tr\/?p=15173","title":{"rendered":"Galatasaray&#8217;da Ey\u00fcp Ayd\u0131n, att\u0131\u011f\u0131 gol\u00fc anlatt\u0131"},"content":{"rendered":"<div>Ziraat T\u00fcrkiye Kupas\u0131&#8217;nda Galatasaray, Boluspor&#8217;u deplasmanda 4-1 ma\u011flup etti.<\/p>\n<p> Sar\u0131-K\u0131rm\u0131z\u0131l\u0131lar&#8217;da 44. dakika \u015f\u0131k bir gol atan Ey\u00fcp Ayd\u0131n, ma\u00e7\u0131n akabinde a\u00e7\u0131klamalarda bulundu.<\/p>\n<p> <strong>&#8220;G.SARAY&#8217;DAK\u0130 B\u0130R\u0130NC\u0130 GOL\u00dcM\u00dc ATTIM&#8221;<\/strong><\/p>\n<p> Att\u0131\u011f\u0131 gol\u00fc anlatan gen\u00e7 futbolcu,<strong> &#8220;Top aya\u011f\u0131ma geldi\u011finde oturu\u015fundan hissettim. Ya direkte patlayacak ya da direkten girecek diye d\u00fc\u015f\u00fcnd\u00fcm. Allah&#8217;a \u015f\u00fck\u00fcr nasip oldu ve Galatasaray&#8217;daki birinci gol\u00fcm\u00fc att\u0131m.&#8221;<\/strong> dedi.<\/p>\n<p> <strong>&#8220;\u0130K\u0130C\u0130 YARIDA F\u0130\u015e\u0130 \u00c7EKT\u0130K&#8221;<\/strong><\/p>\n<p>M\u00fccadeleyi k\u0131ymetlendiren 20 ya\u015f\u0131ndaki oyuncu, <strong>&#8220;\u0130yi ba\u015flamad\u0131k oyuna lakin daha sonra uygun oynad\u0131k. Birinci yar\u0131y\u0131 da 2-1 \u00f6nde tamamlad\u0131k. \u0130kinci yar\u0131da da fi\u015fi \u00e7ektik. Allah&#8217;a \u015f\u00fck\u00fcr bu ma\u00e7\u0131 kazand\u0131k. \u0130stanbul&#8217;a d\u00f6nece\u011fiz.&#8221;<\/strong> tabirlerini kulland\u0131.<\/p>\n<p><strong>GOL\u00dc \u00c7OK KONU\u015eULDU<\/strong><\/p>\n<p> Ey\u00fcp Ayd\u0131n&#8217;\u0131n Boluspor deplasman\u0131nda uzak uzakl\u0131ktan att\u0131\u011f\u0131 gol toplumsal medyada en \u00e7ok konu\u015fulan bahislerden biri oldu.<\/p>\n<p> <strong>\u0130\u015fte Ey\u00fcp Ayd\u0131n&#8217;\u0131n o gol\u00fc:<\/p>\n<p><\/strong><\/p>\n<p>https:\/\/twitter.com\/sporxtv\/status\/1887497861111185864<\/p>\n<\/div>\n","protected":false},"excerpt":{"rendered":"<p>Ziraat T\u00fcrkiye Kupas\u0131&#8217;nda Boluspor&#8217;u deplasmanda 4-1 yenen Galatasaray&#8217;da \u015f\u0131k bir gole imza atan Ey\u00fcp Ayd\u0131n, ma\u00e7\u0131n akabinde a\u00e7\u0131klamalarda bulundu.<\/p>\n","protected":false},"author":1,"featured_media":15174,"comment_status":"open","ping_status":"open","sticky":false,"template":"","format":"standard","meta":{"footnotes":""},"categories":[25],"tags":[77],"class_list":["post-15173","post","type-post","status-publish","format-standard","has-post-thumbnail","hentry","category-futbol","tag-gol"],"_links":{"self":[{"href":"https:\/\/haberbesiktas.tr\/index.php?rest_route=\/wp\/v2\/posts\/15173","targetHints":{"allow":["GET"]}}],"collection":[{"href":"https:\/\/haberbesiktas.tr\/index.php?rest_route=\/wp\/v2\/posts"}],"about":[{"href":"https:\/\/haberbesiktas.tr\/index.php?rest_route=\/wp\/v2\/types\/post"}],"author":[{"embeddable":true,"href":"https:\/\/haberbesiktas.tr\/index.php?rest_route=\/wp\/v2\/users\/1"}],"replies":[{"embeddable":true,"href":"https:\/\/haberbesiktas.tr\/index.php?rest_route=%2Fwp%2Fv2%2Fcomments&post=15173"}],"version-history":[{"count":1,"href":"https:\/\/haberbesiktas.tr\/index.php?rest_route=\/wp\/v2\/posts\/15173\/revisions"}],"predecessor-version":[{"id":15175,"href":"https:\/\/haberbesiktas.tr\/index.php?rest_route=\/wp\/v2\/posts\/15173\/revisions\/15175"}],"wp:featuredmedia":[{"embeddable":true,"href":"https:\/\/haberbesiktas.tr\/index.php?rest_route=\/wp\/v2\/media\/15174"}],"wp:attachment":[{"href":"https:\/\/haberbesiktas.tr\/index.php?rest_route=%2Fwp%2Fv2%2Fmedia&parent=15173"}],"wp:term":[{"taxonomy":"category","embeddable":true,"href":"https:\/\/haberbesiktas.tr\/index.php?rest_route=%2Fwp%2Fv2%2Fcategories&post=15173"},{"taxonomy":"post_tag","embeddable":true,"href":"https:\/\/haberbesiktas.tr\/index.php?rest_route=%2Fwp%2Fv2%2Ftags&post=15173"}],"curies":[{"name":"wp","href":"https:\/\/api.w.org\/{rel}","templated":true}]}}