{"id":15176,"date":"2025-03-07T15:48:06","date_gmt":"2025-03-07T15:48:06","guid":{"rendered":"https:\/\/haberbesiktas.tr\/?p=15176"},"modified":"2025-03-07T15:48:06","modified_gmt":"2025-03-07T15:48:06","slug":"uefadan-sampiyonlar-liginde-degisiklik-plani","status":"publish","type":"post","link":"https:\/\/haberbesiktas.tr\/?p=15176","title":{"rendered":"UEFA&#8217;dan \u015eampiyonlar Ligi&#8217;nde de\u011fi\u015fiklik plan\u0131!"},"content":{"rendered":"<div>UEFA, \u015eampiyonlar Ligi ma\u00e7lar\u0131 i\u00e7in de\u011fi\u015fikli\u011fe imza atabilir.<\/p>\n<p> Guardian&#8217;da yer alan habere nazaran, UEFA, \u015eampiyonlar Ligi ma\u00e7lar\u0131nda uzatmalar\u0131n kald\u0131r\u0131lmas\u0131n\u0131 ve direkt penalt\u0131 at\u0131\u015flar\u0131na ge\u00e7ilmesini k\u0131ymetlendiriyor. Lakin kelam konusu de\u011fi\u015fikli\u011fin mevcut ma\u00e7larla ilgili 2027 y\u0131l\u0131na kadar devam eden yay\u0131n muahedeleri nedeniyle uygulanmas\u0131n\u0131n s\u0131k\u0131nt\u0131 oldu\u011fu kaydedildi.<\/p>\n<p> A\u011f\u0131r ma\u00e7 takviminden \u015fikayet\u00e7i olan kimi oyuncu sendikalar\u0131n\u0131n, UEFA&#8217;n\u0131n uzatmalar\u0131 kald\u0131rma fikrine s\u0131cak bakt\u0131klar\u0131 ve dayanak verdikleri kaydedildi.<\/p>\n<p> Bahisle ilgili a\u00e7\u0131klama yapan UEFA ise \u015fu anda de\u011ferlendirmenin gayri resmi yap\u0131ld\u0131\u011f\u0131n\u0131 ve ortada \u015fimdi resmi bir teklif olmad\u0131\u011f\u0131n\u0131 duyurdu.<\/p>\n<p> UEFA, son olarak 2021 y\u0131l\u0131nda deplasman kural\u0131n\u0131 kald\u0131rm\u0131\u015ft\u0131.<\/p>\n<\/div>\n","protected":false},"excerpt":{"rendered":"<p>UEFA, \u015eampiyonlar Ligi ma\u00e7lar\u0131nda uzatmalar\u0131 kald\u0131rmak istiyor.<\/p>\n","protected":false},"author":1,"featured_media":15177,"comment_status":"open","ping_status":"open","sticky":false,"template":"","format":"standard","meta":{"footnotes":""},"categories":[25],"tags":[806],"class_list":["post-15176","post","type-post","status-publish","format-standard","has-post-thumbnail","hentry","category-futbol","tag-uefa"],"_links":{"self":[{"href":"https:\/\/haberbesiktas.tr\/index.php?rest_route=\/wp\/v2\/posts\/15176","targetHints":{"allow":["GET"]}}],"collection":[{"href":"https:\/\/haberbesiktas.tr\/index.php?rest_route=\/wp\/v2\/posts"}],"about":[{"href":"https:\/\/haberbesiktas.tr\/index.php?rest_route=\/wp\/v2\/types\/post"}],"author":[{"embeddable":true,"href":"https:\/\/haberbesiktas.tr\/index.php?rest_route=\/wp\/v2\/users\/1"}],"replies":[{"embeddable":true,"href":"https:\/\/haberbesiktas.tr\/index.php?rest_route=%2Fwp%2Fv2%2Fcomments&post=15176"}],"version-history":[{"count":1,"href":"https:\/\/haberbesiktas.tr\/index.php?rest_route=\/wp\/v2\/posts\/15176\/revisions"}],"predecessor-version":[{"id":15178,"href":"https:\/\/haberbesiktas.tr\/index.php?rest_route=\/wp\/v2\/posts\/15176\/revisions\/15178"}],"wp:featuredmedia":[{"embeddable":true,"href":"https:\/\/haberbesiktas.tr\/index.php?rest_route=\/wp\/v2\/media\/15177"}],"wp:attachment":[{"href":"https:\/\/haberbesiktas.tr\/index.php?rest_route=%2Fwp%2Fv2%2Fmedia&parent=15176"}],"wp:term":[{"taxonomy":"category","embeddable":true,"href":"https:\/\/haberbesiktas.tr\/index.php?rest_route=%2Fwp%2Fv2%2Fcategories&post=15176"},{"taxonomy":"post_tag","embeddable":true,"href":"https:\/\/haberbesiktas.tr\/index.php?rest_route=%2Fwp%2Fv2%2Ftags&post=15176"}],"curies":[{"name":"wp","href":"https:\/\/api.w.org\/{rel}","templated":true}]}}