{"id":15179,"date":"2025-03-07T16:00:06","date_gmt":"2025-03-07T16:00:06","guid":{"rendered":"https:\/\/haberbesiktas.tr\/?p=15179"},"modified":"2025-03-07T16:00:06","modified_gmt":"2025-03-07T16:00:06","slug":"sakaryasporda-flas-ayrilik-mustafa-dalci","status":"publish","type":"post","link":"https:\/\/haberbesiktas.tr\/?p=15179","title":{"rendered":"Sakaryaspor&#8217;da fla\u015f ayr\u0131l\u0131k: Mustafa Dalc\u0131"},"content":{"rendered":"<div>Trendyol 1. Lig gruplar\u0131ndan Sakaryaspor&#8217;da fla\u015f bir ayr\u0131l\u0131k ya\u015fand\u0131.<\/p>\n<p><span>Marmara tak\u0131m\u0131, 29 Ocak&#8217;ta misyona ba\u015flayan ve ekibin ba\u015f\u0131nda bir ma\u00e7a \u00e7\u0131kan teknik y\u00f6netici Mustafa Kolcu ile kar\u015f\u0131l\u0131kl\u0131 anla\u015farak yollar\u0131n\u0131 ay\u0131rd\u0131\u011f\u0131n\u0131 a\u00e7\u0131klad\u0131.<\/p>\n<p>Kul\u00fcpten yap\u0131lan a\u00e7\u0131klamada;<\/p>\n<p>&#8220;<span>Teknik y\u00f6neticimiz Mustafa Kolcu ile ger\u00e7ekle\u015ftirilen kar\u015f\u0131l\u0131kl\u0131 g\u00f6r\u00fc\u015fmeler sonucunda yollar\u0131m\u0131z\u0131 ay\u0131rm\u0131\u015f bulunmaktay\u0131z. Kendisine emekleri i\u00e7in te\u015fekk\u00fcr eder, bundan sonraki mesle\u011finde muvaffakiyetler dileriz.&#8221;\u00a0<\/p>\n<p><\/span>ifadeleri kulland\u0131ld\u0131.<\/p>\n<p><\/span><\/div>\n","protected":false},"excerpt":{"rendered":"<p>Sakaryaspor, 29 Ocak&#8217;ta vazifeye getirilen teknik y\u00f6netici Mustafa Dalc\u0131&#8217;yla kar\u015f\u0131l\u0131kl\u0131 anla\u015farak yollar\u0131n\u0131 ay\u0131rd\u0131\u011f\u0131n\u0131 a\u00e7\u0131klad\u0131.<\/p>\n","protected":false},"author":1,"featured_media":15180,"comment_status":"open","ping_status":"open","sticky":false,"template":"","format":"standard","meta":{"footnotes":""},"categories":[25],"tags":[],"class_list":["post-15179","post","type-post","status-publish","format-standard","has-post-thumbnail","hentry","category-futbol"],"_links":{"self":[{"href":"https:\/\/haberbesiktas.tr\/index.php?rest_route=\/wp\/v2\/posts\/15179","targetHints":{"allow":["GET"]}}],"collection":[{"href":"https:\/\/haberbesiktas.tr\/index.php?rest_route=\/wp\/v2\/posts"}],"about":[{"href":"https:\/\/haberbesiktas.tr\/index.php?rest_route=\/wp\/v2\/types\/post"}],"author":[{"embeddable":true,"href":"https:\/\/haberbesiktas.tr\/index.php?rest_route=\/wp\/v2\/users\/1"}],"replies":[{"embeddable":true,"href":"https:\/\/haberbesiktas.tr\/index.php?rest_route=%2Fwp%2Fv2%2Fcomments&post=15179"}],"version-history":[{"count":1,"href":"https:\/\/haberbesiktas.tr\/index.php?rest_route=\/wp\/v2\/posts\/15179\/revisions"}],"predecessor-version":[{"id":15181,"href":"https:\/\/haberbesiktas.tr\/index.php?rest_route=\/wp\/v2\/posts\/15179\/revisions\/15181"}],"wp:featuredmedia":[{"embeddable":true,"href":"https:\/\/haberbesiktas.tr\/index.php?rest_route=\/wp\/v2\/media\/15180"}],"wp:attachment":[{"href":"https:\/\/haberbesiktas.tr\/index.php?rest_route=%2Fwp%2Fv2%2Fmedia&parent=15179"}],"wp:term":[{"taxonomy":"category","embeddable":true,"href":"https:\/\/haberbesiktas.tr\/index.php?rest_route=%2Fwp%2Fv2%2Fcategories&post=15179"},{"taxonomy":"post_tag","embeddable":true,"href":"https:\/\/haberbesiktas.tr\/index.php?rest_route=%2Fwp%2Fv2%2Ftags&post=15179"}],"curies":[{"name":"wp","href":"https:\/\/api.w.org\/{rel}","templated":true}]}}