{"id":15182,"date":"2025-03-07T16:12:06","date_gmt":"2025-03-07T16:12:06","guid":{"rendered":"https:\/\/haberbesiktas.tr\/?p=15182"},"modified":"2025-03-07T16:12:06","modified_gmt":"2025-03-07T16:12:06","slug":"fulham-williani-kadrosuna-katti","status":"publish","type":"post","link":"https:\/\/haberbesiktas.tr\/?p=15182","title":{"rendered":"Fulham, Willian&#8217;\u0131 kadrosuna katt\u0131!"},"content":{"rendered":"<div>\u0130ngiltere Premier Lig gruplar\u0131ndan Fulham, s\u00fcrpriz bir transfer at\u0131l\u0131m\u0131 yapt\u0131.<\/p>\n<p><span>Fulham, bonservisi elinde olan 36 ya\u015f\u0131ndaki Brezilyal\u0131 futbolcu Willian ile d\u00f6nem sonuna kadar muahede sa\u011fland\u0131\u011f\u0131n\u0131 a\u00e7\u0131klad\u0131.<\/span><\/p>\n<p>Daha evvel 2022\/23 ve 2023\/24 d\u00f6nemlerinde Craven Cottage&#8217;da g\u00f6sterdi\u011fi performansla dikkat \u00e7eken tecr\u00fcbeli kanat oyuncusu, Aral\u0131k ay\u0131 sonunda Olympiakos&#8217;tan ayr\u0131ld\u0131ktan sonra h\u00fcr oyuncu stat\u00fcs\u00fcnde Fulham&#8217;a d\u00f6nd\u00fc.<br \/> Yine Fulham formas\u0131n\u0131 giymekten \u00f6t\u00fcr\u00fc \u00e7ok keyifli oldu\u011funu belirten Willian, <strong>&#8220;Bu kul\u00fcp i\u00e7in tekrar oynama f\u0131rsat\u0131na sahip oldu\u011fum i\u00e7in \u00e7ok memnunum. Alana \u00e7\u0131k\u0131p elimden gelenin en d\u00fczg\u00fcn\u00fcn\u00fc yapmak i\u00e7in motive olmu\u015f durumday\u0131m&#8221;<\/strong> dedi.<\/p>\n<p> Fulham&#8217;\u0131n sahibi Tony Khan ise transferle ilgili olarak, <strong>&#8220;Willian&#8217;\u0131 tekrar Fulham&#8217;da g\u00f6rmekten b\u00fcy\u00fck memnunluk duyuyorum! Daha evvel kul\u00fcb\u00fcm\u00fcze b\u00fcy\u00fck katk\u0131lar sa\u011flad\u0131. Marco&#8217;nun sistemine tekrar adapte olmaya haz\u0131r ve taraftarlar\u0131m\u0131z da onun d\u00f6n\u00fc\u015f\u00fcne \u00e7ok sevindi. D\u00f6nemin geri kalan\u0131nda bize k\u0131ymetli katk\u0131lar verece\u011fine inan\u0131yoruz.&#8221;<\/strong>\u00a0ifadelerini kulland\u0131.<\/p>\n<\/div>\n","protected":false},"excerpt":{"rendered":"<p>Fulham, bonservisi elinde olan Brezilyal\u0131 futbolcu Willian ile d\u00f6nem sonuna kadar mutabakat sa\u011flad\u0131.<\/p>\n","protected":false},"author":1,"featured_media":15183,"comment_status":"open","ping_status":"open","sticky":false,"template":"","format":"standard","meta":{"footnotes":""},"categories":[25],"tags":[108],"class_list":["post-15182","post","type-post","status-publish","format-standard","has-post-thumbnail","hentry","category-futbol","tag-fulham"],"_links":{"self":[{"href":"https:\/\/haberbesiktas.tr\/index.php?rest_route=\/wp\/v2\/posts\/15182","targetHints":{"allow":["GET"]}}],"collection":[{"href":"https:\/\/haberbesiktas.tr\/index.php?rest_route=\/wp\/v2\/posts"}],"about":[{"href":"https:\/\/haberbesiktas.tr\/index.php?rest_route=\/wp\/v2\/types\/post"}],"author":[{"embeddable":true,"href":"https:\/\/haberbesiktas.tr\/index.php?rest_route=\/wp\/v2\/users\/1"}],"replies":[{"embeddable":true,"href":"https:\/\/haberbesiktas.tr\/index.php?rest_route=%2Fwp%2Fv2%2Fcomments&post=15182"}],"version-history":[{"count":1,"href":"https:\/\/haberbesiktas.tr\/index.php?rest_route=\/wp\/v2\/posts\/15182\/revisions"}],"predecessor-version":[{"id":15184,"href":"https:\/\/haberbesiktas.tr\/index.php?rest_route=\/wp\/v2\/posts\/15182\/revisions\/15184"}],"wp:featuredmedia":[{"embeddable":true,"href":"https:\/\/haberbesiktas.tr\/index.php?rest_route=\/wp\/v2\/media\/15183"}],"wp:attachment":[{"href":"https:\/\/haberbesiktas.tr\/index.php?rest_route=%2Fwp%2Fv2%2Fmedia&parent=15182"}],"wp:term":[{"taxonomy":"category","embeddable":true,"href":"https:\/\/haberbesiktas.tr\/index.php?rest_route=%2Fwp%2Fv2%2Fcategories&post=15182"},{"taxonomy":"post_tag","embeddable":true,"href":"https:\/\/haberbesiktas.tr\/index.php?rest_route=%2Fwp%2Fv2%2Ftags&post=15182"}],"curies":[{"name":"wp","href":"https:\/\/api.w.org\/{rel}","templated":true}]}}