{"id":15188,"date":"2025-03-07T16:36:09","date_gmt":"2025-03-07T16:36:09","guid":{"rendered":"https:\/\/haberbesiktas.tr\/?p=15188"},"modified":"2025-03-07T16:36:09","modified_gmt":"2025-03-07T16:36:09","slug":"mauro-icardi-istanbuldan-ayrildi","status":"publish","type":"post","link":"https:\/\/haberbesiktas.tr\/?p=15188","title":{"rendered":"Mauro Icardi, \u0130stanbul&#8217;dan ayr\u0131ld\u0131"},"content":{"rendered":"<div>Galatasaray&#8217;\u0131n y\u0131ld\u0131z futbolcusu Mauro Icardi ile ilgili yeni bir geli\u015fmeye ya\u015fand\u0131.<\/p>\n<p> Icardi, ya\u015fad\u0131\u011f\u0131 sakatl\u0131\u011f\u0131n akabinde Arjantin&#8217;e d\u00f6nm\u00fc\u015f, e\u015fi Wanda Nara ile ya\u015fad\u0131\u011f\u0131 \u00e7alkant\u0131l\u0131 bo\u015fanma s\u00fcreci nedeniyle uzun m\u00fcddet \u0130stanbul&#8217;dan uzak kalm\u0131\u015ft\u0131.<\/p>\n<p> Arjantinli y\u0131ld\u0131z, Wanda Nara ile olan ba\u011f\u0131n\u0131n sonland\u0131rd\u0131ktan sonra yeni sevgilisi China Suarez ile ge\u00e7ti\u011fimiz g\u00fcnlerde \u0130stanbul&#8217;a d\u00f6nd\u00fc. Lakin Icardi&#8217;nin T\u00fcrkiye ser\u00fcveni uzun s\u00fcrmedi.<\/p>\n<p> Arjantinli oyuncu, Wanda Nara ile ya\u015fad\u0131\u011f\u0131 s\u0131k\u0131nt\u0131l\u0131 bo\u015fanma davas\u0131 ve \u00e7ocuklar\u0131n\u0131n vekaleti i\u00e7in ya\u015fanan hukuksal s\u00fcre\u00e7 i\u00e7in yine Arjantin&#8217;e d\u00f6nmek zorunda kald\u0131. Icardi, sevgilisi China Suarez&#8217;le birlikte u\u00e7aktan foto\u011fraf payla\u015ft\u0131.<\/p>\n<p><img decoding=\"async\" src=\"https:\/\/haberbesiktas.tr\/wp-content\/uploads\/2025\/03\/mauro-icardi-istanbuldan-ayrildi-0-DrlAhAya.jpg\"\/><\/p>\n<p><img decoding=\"async\" src=\"https:\/\/haberbesiktas.tr\/wp-content\/uploads\/2025\/03\/mauro-icardi-istanbuldan-ayrildi-1-M1HuTtac.jpg\"\/><\/p>\n<\/div>\n","protected":false},"excerpt":{"rendered":"<p>Galatasaray&#8217;\u0131n y\u0131ld\u0131z\u0131 Mauro Icardi, tedavisinin devam\u0131 i\u00e7in \u0130stanbul&#8217;a d\u00f6nse de T\u00fcrkiye maceras\u0131 uzun s\u00fcrmedi. Arjantinli futbolcu, \u00fclkesine d\u00f6nd\u00fc.<\/p>\n","protected":false},"author":1,"featured_media":15189,"comment_status":"open","ping_status":"open","sticky":false,"template":"","format":"standard","meta":{"footnotes":""},"categories":[25],"tags":[],"class_list":["post-15188","post","type-post","status-publish","format-standard","has-post-thumbnail","hentry","category-futbol"],"_links":{"self":[{"href":"https:\/\/haberbesiktas.tr\/index.php?rest_route=\/wp\/v2\/posts\/15188","targetHints":{"allow":["GET"]}}],"collection":[{"href":"https:\/\/haberbesiktas.tr\/index.php?rest_route=\/wp\/v2\/posts"}],"about":[{"href":"https:\/\/haberbesiktas.tr\/index.php?rest_route=\/wp\/v2\/types\/post"}],"author":[{"embeddable":true,"href":"https:\/\/haberbesiktas.tr\/index.php?rest_route=\/wp\/v2\/users\/1"}],"replies":[{"embeddable":true,"href":"https:\/\/haberbesiktas.tr\/index.php?rest_route=%2Fwp%2Fv2%2Fcomments&post=15188"}],"version-history":[{"count":1,"href":"https:\/\/haberbesiktas.tr\/index.php?rest_route=\/wp\/v2\/posts\/15188\/revisions"}],"predecessor-version":[{"id":15192,"href":"https:\/\/haberbesiktas.tr\/index.php?rest_route=\/wp\/v2\/posts\/15188\/revisions\/15192"}],"wp:featuredmedia":[{"embeddable":true,"href":"https:\/\/haberbesiktas.tr\/index.php?rest_route=\/wp\/v2\/media\/15189"}],"wp:attachment":[{"href":"https:\/\/haberbesiktas.tr\/index.php?rest_route=%2Fwp%2Fv2%2Fmedia&parent=15188"}],"wp:term":[{"taxonomy":"category","embeddable":true,"href":"https:\/\/haberbesiktas.tr\/index.php?rest_route=%2Fwp%2Fv2%2Fcategories&post=15188"},{"taxonomy":"post_tag","embeddable":true,"href":"https:\/\/haberbesiktas.tr\/index.php?rest_route=%2Fwp%2Fv2%2Ftags&post=15188"}],"curies":[{"name":"wp","href":"https:\/\/api.w.org\/{rel}","templated":true}]}}