{"id":15193,"date":"2025-03-07T16:48:06","date_gmt":"2025-03-07T16:48:06","guid":{"rendered":"https:\/\/haberbesiktas.tr\/?p=15193"},"modified":"2025-03-07T16:48:06","modified_gmt":"2025-03-07T16:48:06","slug":"besiktastan-tffye-cagri","status":"publish","type":"post","link":"https:\/\/haberbesiktas.tr\/?p=15193","title":{"rendered":"Be\u015fikta\u015f&#8217;tan TFF&#8217;ye \u00e7a\u011fr\u0131!"},"content":{"rendered":"<div>Be\u015fikta\u015f, Harika Lig&#8217;in 23. haftas\u0131nda Sivasspor ile oynayaca\u011f\u0131 ma\u00e7 i\u00e7in TFF&#8217;ye davette bulundu.<\/p>\n<p> Be\u015fikta\u015f&#8217;\u0131n a\u00e7\u0131klamas\u0131nda TFF hesab\u0131 etiketlenerek, &#8220;Net K\u00fcresel Sivasspor ma\u00e7\u0131m\u0131z\u0131n saat de\u011fi\u015fikli\u011fi ile ilgili talebimize kar\u015f\u0131l\u0131k vermeyi d\u00fc\u015f\u00fcn\u00fcyor musunuz?&#8221; denildi.<\/p>\n<p> <strong>Be\u015fikta\u015f&#8217;\u0131n a\u00e7\u0131klamas\u0131 \u015fu halde:<\/strong><\/p>\n<p> &#8220;Net K\u00fcresel Sivasspor ma\u00e7\u0131m\u0131z\u0131n saat de\u011fi\u015fikli\u011fi ile ilgili talebimize yan\u0131t vermeyi d\u00fc\u015f\u00fcn\u00fcyor musunuz?<\/p>\n<p> Rakibimizin meskeninde oynad\u0131\u011f\u0131 son 8 ma\u00e7\u0131n saatleri<\/p>\n<p> 20 Ekim saat 13.30: Net K\u00fcresel Sivasspor-Ataka\u015f Hatayspor<\/p>\n<p> 2 Kas\u0131m saat 13.30: Net K\u00fcresel Sivasspor-\u00c7aykur Rizespor<\/p>\n<p> 24 Kas\u0131m saat 13.30: Net K\u00fcresel Sivasspor-Kas\u0131mpa\u015fa<\/p>\n<p> 8 Aral\u0131k saat 16.00: Net K\u00fcresel Sivasspor-Galatasaray<\/p>\n<p> 21 Aral\u0131k saat 16.00: Net K\u00fcresel Sivasspor-Reeder Samsunspor<\/p>\n<p> * 7 Ocak saat 19.00: Net K\u00fcresel Sivasspor-Be\u015fikta\u015f<\/p>\n<p> 12 Ocak saat 13.30: Net K\u00fcresel Sivasspor-Corendon Alanyaspor<\/p>\n<p> 25 Ocak saat 13.30: Net K\u00fcresel Sivasspor-Bellona Kayserispor&#8221;<\/p>\n<\/div>\n","protected":false},"excerpt":{"rendered":"<p>Be\u015fikta\u015f, Sivasspor ma\u00e7\u0131n\u0131n saatiyle ilgili TFF&#8217;ye davette bulundu. Be\u015fikta\u015f&#8217;\u0131n a\u00e7\u0131klamas\u0131nda, &#8220;Net K\u00fcresel Sivasspor ma\u00e7\u0131m\u0131z\u0131n saat de\u011fi\u015fikli\u011fi ile ilgili talebimize yan\u0131t vermeyi d\u00fc\u015f\u00fcn\u00fcyor musunuz?&#8221; s\u00f6zleri kullan\u0131ld\u0131.<\/p>\n","protected":false},"author":1,"featured_media":15194,"comment_status":"open","ping_status":"open","sticky":false,"template":"","format":"standard","meta":{"footnotes":""},"categories":[25],"tags":[1628,1344,151],"class_list":["post-15193","post","type-post","status-publish","format-standard","has-post-thumbnail","hentry","category-futbol","tag-net-global","tag-saat","tag-sivasspor"],"_links":{"self":[{"href":"https:\/\/haberbesiktas.tr\/index.php?rest_route=\/wp\/v2\/posts\/15193","targetHints":{"allow":["GET"]}}],"collection":[{"href":"https:\/\/haberbesiktas.tr\/index.php?rest_route=\/wp\/v2\/posts"}],"about":[{"href":"https:\/\/haberbesiktas.tr\/index.php?rest_route=\/wp\/v2\/types\/post"}],"author":[{"embeddable":true,"href":"https:\/\/haberbesiktas.tr\/index.php?rest_route=\/wp\/v2\/users\/1"}],"replies":[{"embeddable":true,"href":"https:\/\/haberbesiktas.tr\/index.php?rest_route=%2Fwp%2Fv2%2Fcomments&post=15193"}],"version-history":[{"count":1,"href":"https:\/\/haberbesiktas.tr\/index.php?rest_route=\/wp\/v2\/posts\/15193\/revisions"}],"predecessor-version":[{"id":15195,"href":"https:\/\/haberbesiktas.tr\/index.php?rest_route=\/wp\/v2\/posts\/15193\/revisions\/15195"}],"wp:featuredmedia":[{"embeddable":true,"href":"https:\/\/haberbesiktas.tr\/index.php?rest_route=\/wp\/v2\/media\/15194"}],"wp:attachment":[{"href":"https:\/\/haberbesiktas.tr\/index.php?rest_route=%2Fwp%2Fv2%2Fmedia&parent=15193"}],"wp:term":[{"taxonomy":"category","embeddable":true,"href":"https:\/\/haberbesiktas.tr\/index.php?rest_route=%2Fwp%2Fv2%2Fcategories&post=15193"},{"taxonomy":"post_tag","embeddable":true,"href":"https:\/\/haberbesiktas.tr\/index.php?rest_route=%2Fwp%2Fv2%2Ftags&post=15193"}],"curies":[{"name":"wp","href":"https:\/\/api.w.org\/{rel}","templated":true}]}}