{"id":15199,"date":"2025-03-07T17:12:09","date_gmt":"2025-03-07T17:12:09","guid":{"rendered":"https:\/\/haberbesiktas.tr\/?p=15199"},"modified":"2025-03-07T17:12:09","modified_gmt":"2025-03-07T17:12:09","slug":"sakaryaspor-nicolas-nkoulouyu-kiraladi","status":"publish","type":"post","link":"https:\/\/haberbesiktas.tr\/?p=15199","title":{"rendered":"Sakaryaspor Nicolas N&#8217;Koulou&#8217;yu kiralad\u0131"},"content":{"rendered":"<div>\n<p>Trendyol 1. Lig tak\u0131mlar\u0131ndan Sakaryaspor, 35 ya\u015f\u0131ndaki defans oyuncusu Nicolas N&#8217;Koulou&#8217;yu sat\u0131n alma opsiyonuyla kiralad\u0131.<\/p>\n<p> Kul\u00fcpten yap\u0131lan a\u00e7\u0131klamada, &#8220;Amed Sportif Faaliyetler formas\u0131 giyen stoper Nicolas N&#8217;Koulou ile sat\u0131n alma opsiyonu kul\u00fcb\u00fcm\u00fczde olacak halde kiral\u0131k olarak mukavele imzalad\u0131k.&#8221; tabiri kullan\u0131ld\u0131.<\/p>\n<\/div>\n","protected":false},"excerpt":{"rendered":"<p>Sakaryaspor defans oyuncusu Nicolas N&#8217;Koulou&#8217;yu kiral\u0131k olarak transfer etti.<\/p>\n","protected":false},"author":1,"featured_media":15200,"comment_status":"open","ping_status":"open","sticky":false,"template":"","format":"standard","meta":{"footnotes":""},"categories":[25],"tags":[],"class_list":["post-15199","post","type-post","status-publish","format-standard","has-post-thumbnail","hentry","category-futbol"],"_links":{"self":[{"href":"https:\/\/haberbesiktas.tr\/index.php?rest_route=\/wp\/v2\/posts\/15199","targetHints":{"allow":["GET"]}}],"collection":[{"href":"https:\/\/haberbesiktas.tr\/index.php?rest_route=\/wp\/v2\/posts"}],"about":[{"href":"https:\/\/haberbesiktas.tr\/index.php?rest_route=\/wp\/v2\/types\/post"}],"author":[{"embeddable":true,"href":"https:\/\/haberbesiktas.tr\/index.php?rest_route=\/wp\/v2\/users\/1"}],"replies":[{"embeddable":true,"href":"https:\/\/haberbesiktas.tr\/index.php?rest_route=%2Fwp%2Fv2%2Fcomments&post=15199"}],"version-history":[{"count":1,"href":"https:\/\/haberbesiktas.tr\/index.php?rest_route=\/wp\/v2\/posts\/15199\/revisions"}],"predecessor-version":[{"id":15201,"href":"https:\/\/haberbesiktas.tr\/index.php?rest_route=\/wp\/v2\/posts\/15199\/revisions\/15201"}],"wp:featuredmedia":[{"embeddable":true,"href":"https:\/\/haberbesiktas.tr\/index.php?rest_route=\/wp\/v2\/media\/15200"}],"wp:attachment":[{"href":"https:\/\/haberbesiktas.tr\/index.php?rest_route=%2Fwp%2Fv2%2Fmedia&parent=15199"}],"wp:term":[{"taxonomy":"category","embeddable":true,"href":"https:\/\/haberbesiktas.tr\/index.php?rest_route=%2Fwp%2Fv2%2Fcategories&post=15199"},{"taxonomy":"post_tag","embeddable":true,"href":"https:\/\/haberbesiktas.tr\/index.php?rest_route=%2Fwp%2Fv2%2Ftags&post=15199"}],"curies":[{"name":"wp","href":"https:\/\/api.w.org\/{rel}","templated":true}]}}