{"id":15214,"date":"2025-03-07T18:12:07","date_gmt":"2025-03-07T18:12:07","guid":{"rendered":"https:\/\/haberbesiktas.tr\/?p=15214"},"modified":"2025-03-07T18:12:07","modified_gmt":"2025-03-07T18:12:07","slug":"okan-buruktan-sakatlik-aciklamasi-2","status":"publish","type":"post","link":"https:\/\/haberbesiktas.tr\/?p=15214","title":{"rendered":"Okan Buruk&#8217;tan sakatl\u0131k a\u00e7\u0131klamas\u0131!"},"content":{"rendered":"<div>Galatasaray Teknik Y\u00f6neticisi Okan Buruk, Bolyspor ma\u00e7\u0131n\u0131n akabinde sakat futbolcularla ilgili konu\u015ftu.<\/p>\n<p> Sakatl\u0131klar\u0131 bulunan ve dinlendirmek istedikleri birtak\u0131m oyuncular\u0131 Bolu&#8217;ya getirmediklerini tabir eden Buruk,<strong> &#8220;Bar\u0131\u015f&#8217;\u0131 asl\u0131nda biraz koruduk. Son ma\u00e7ta da kul\u00fcbeye alm\u0131\u015ft\u0131k. Oyunun son k\u0131sm\u0131nda kulland\u0131k. Fakat bug\u00fcn de dinlendirmek istedik. Hafta sonu zati cezal\u0131 oldu\u011fu i\u00e7in oynamayacak. Yeniden onun tam olarak bir sonraki ma\u00e7a haz\u0131r olaca\u011f\u0131n\u0131 d\u00fc\u015f\u00fcn\u00fcyoruz. Yunus&#8217;un a\u011fr\u0131lar\u0131 var. G\u00fcn g\u00fcn takip edip ona nazaran karar verece\u011fiz. Jakobs da grup yahut ferd\u00ee idmanlara ba\u015flamad\u0131. Bu hafta sonu i\u00e7in olmayaca\u011f\u0131n\u0131 d\u00fc\u015f\u00fcn\u00fcyoruz. Kerem Demirbay&#8217;\u0131n tekrar idmana ba\u015flayaca\u011f\u0131n\u0131 yar\u0131ndan itibaren s\u00f6yleyebilirim.&#8221;<\/strong> bi\u00e7iminde konu\u015ftu.<\/p>\n<p> Buruk, Boluspor m\u00fcsabakas\u0131nda tak\u0131mda yer almayan Rolland Sallai ile Victor Osimhen&#8217;in durumlar\u0131 hakk\u0131nda ise<strong> &#8220;Sallai i\u00e7in de d\u00fcnk\u00fc idmanda biraz kas\u0131\u011f\u0131nda a\u011fr\u0131 vard\u0131. \u00c7ok k\u0131ymetli b\u00fcy\u00fck bir sakatl\u0131k de\u011fil. Lakin a\u011fr\u0131s\u0131 oldu\u011fu i\u00e7in buraya getirmedik ve yar\u0131n denetim edece\u011fiz. Tahminen cumartesi g\u00fcn\u00fc tam durumuna bak\u0131p hafta sonu i\u00e7in karar verece\u011fiz. Osimhen&#8217;i de dinlendirdik. Yani o da \u00e7ok ma\u00e7 oynad\u0131 ve y\u00fcksek \u015fiddette, \u00fczerine de \u00e7ok y\u00fck bindi. Buras\u0131 g\u00fc\u00e7 bir deplasman. Yani otob\u00fcste gelmek, yeniden stat yeri biraz korkutuyordu. Korktu\u011fumuz \u00fczere olmad\u0131. Bu y\u00fczden onu da buraya getirmedik.&#8221;<\/strong> diye konu\u015ftu.<\/p>\n<\/div>\n","protected":false},"excerpt":{"rendered":"<p>Galatasaray Teknik Y\u00f6neticisi Okan Buruk, Boluspor ma\u00e7\u0131n\u0131n akabinde sakat futbolcular\u0131n durumuyla ilgili konu\u015ftu.<\/p>\n","protected":false},"author":1,"featured_media":15215,"comment_status":"open","ping_status":"open","sticky":false,"template":"","format":"standard","meta":{"footnotes":""},"categories":[25],"tags":[],"class_list":["post-15214","post","type-post","status-publish","format-standard","has-post-thumbnail","hentry","category-futbol"],"_links":{"self":[{"href":"https:\/\/haberbesiktas.tr\/index.php?rest_route=\/wp\/v2\/posts\/15214","targetHints":{"allow":["GET"]}}],"collection":[{"href":"https:\/\/haberbesiktas.tr\/index.php?rest_route=\/wp\/v2\/posts"}],"about":[{"href":"https:\/\/haberbesiktas.tr\/index.php?rest_route=\/wp\/v2\/types\/post"}],"author":[{"embeddable":true,"href":"https:\/\/haberbesiktas.tr\/index.php?rest_route=\/wp\/v2\/users\/1"}],"replies":[{"embeddable":true,"href":"https:\/\/haberbesiktas.tr\/index.php?rest_route=%2Fwp%2Fv2%2Fcomments&post=15214"}],"version-history":[{"count":1,"href":"https:\/\/haberbesiktas.tr\/index.php?rest_route=\/wp\/v2\/posts\/15214\/revisions"}],"predecessor-version":[{"id":15216,"href":"https:\/\/haberbesiktas.tr\/index.php?rest_route=\/wp\/v2\/posts\/15214\/revisions\/15216"}],"wp:featuredmedia":[{"embeddable":true,"href":"https:\/\/haberbesiktas.tr\/index.php?rest_route=\/wp\/v2\/media\/15215"}],"wp:attachment":[{"href":"https:\/\/haberbesiktas.tr\/index.php?rest_route=%2Fwp%2Fv2%2Fmedia&parent=15214"}],"wp:term":[{"taxonomy":"category","embeddable":true,"href":"https:\/\/haberbesiktas.tr\/index.php?rest_route=%2Fwp%2Fv2%2Fcategories&post=15214"},{"taxonomy":"post_tag","embeddable":true,"href":"https:\/\/haberbesiktas.tr\/index.php?rest_route=%2Fwp%2Fv2%2Ftags&post=15214"}],"curies":[{"name":"wp","href":"https:\/\/api.w.org\/{rel}","templated":true}]}}