{"id":15244,"date":"2025-03-07T20:12:06","date_gmt":"2025-03-07T20:12:06","guid":{"rendered":"https:\/\/haberbesiktas.tr\/?p=15244"},"modified":"2025-03-07T20:12:06","modified_gmt":"2025-03-07T20:12:06","slug":"galatasaray-cuestayi-acikladi","status":"publish","type":"post","link":"https:\/\/haberbesiktas.tr\/?p=15244","title":{"rendered":"Galatasaray, Cuesta&#8217;y\u0131 a\u00e7\u0131klad\u0131!"},"content":{"rendered":"<div>Galatasaray, Genk&#8217;ten Carlos Cuesta transferini a\u00e7\u0131klad\u0131.<\/p>\n<p>Sar\u0131-k\u0131rm\u0131z\u0131l\u0131lar, Kolombiyal\u0131 stoper i\u00e7in Genk&#8217;e 3 d\u00f6neme yay\u0131lm\u0131\u015f taksitler halinde 8 milyon euro bonservis fiyat\u0131 \u00f6deyecek. Sar\u0131-k\u0131rm\u0131z\u0131l\u0131lar, Kolombiyal\u0131 stoper ile 3.5 y\u0131ll\u0131k mukavele imzaland\u0131\u011f\u0131n\u0131 a\u00e7\u0131klad\u0131.<\/p>\n<p> Galatasaray&#8217;\u0131n a\u00e7\u0131klamas\u0131 \u015fu formda:<\/p>\n<p> &#8220;Profesyonel futbolcu Carlos Eccehomo Cuesta Figueroa&#8217;n\u0131n transferi konusunda, kul\u00fcb\u00fc K. Racing Club Genk 322 VZW ile mutabakata var\u0131lm\u0131\u015ft\u0131r.<\/p>\n<p> Bu kapsamda, futbolcunun eski kul\u00fcb\u00fcne 3 d\u00f6neme yay\u0131lm\u0131\u015f taksitler halinde toplam net 8.000.000 EUR transfer bedeli \u00f6denecektir.<\/p>\n<p> Futbolcu ile 2024-2025 d\u00f6neminden itibaren ge\u00e7erli olmak \u00fczere 3,5 y\u0131ll\u0131k kontrat imzalanm\u0131\u015ft\u0131r.<\/p>\n<p> Buna nazaran oyuncuya:<\/p>\n<p> 2024-2025 d\u00f6neminin ikinci yar\u0131s\u0131 i\u00e7in net 650.000 EUR<br \/>2025-2026 d\u00f6nemi i\u00e7in net 1.450.000 EUR<br \/>2026-2027 d\u00f6nemi i\u00e7in net 1.550.000 EUR<br \/>2027-2028 d\u00f6nemi i\u00e7in net 1.650.000 EUR garanti fiyat \u00f6denecektir.<\/p>\n<p> Kamuoyuna h\u00fcrmetle duyurulur.&#8221;<\/p>\n<\/div>\n","protected":false},"excerpt":{"rendered":"<p>Galatasaray, Genk&#8217;ten Carlos Cuesta transferini a\u00e7\u0131klad\u0131. \u0130\u015fte detaylar&#8230;<\/p>\n","protected":false},"author":1,"featured_media":15245,"comment_status":"open","ping_status":"open","sticky":false,"template":"","format":"standard","meta":{"footnotes":""},"categories":[25],"tags":[1635,1116,761],"class_list":["post-15244","post","type-post","status-publish","format-standard","has-post-thumbnail","hentry","category-futbol","tag-eur","tag-net","tag-sezonu"],"_links":{"self":[{"href":"https:\/\/haberbesiktas.tr\/index.php?rest_route=\/wp\/v2\/posts\/15244","targetHints":{"allow":["GET"]}}],"collection":[{"href":"https:\/\/haberbesiktas.tr\/index.php?rest_route=\/wp\/v2\/posts"}],"about":[{"href":"https:\/\/haberbesiktas.tr\/index.php?rest_route=\/wp\/v2\/types\/post"}],"author":[{"embeddable":true,"href":"https:\/\/haberbesiktas.tr\/index.php?rest_route=\/wp\/v2\/users\/1"}],"replies":[{"embeddable":true,"href":"https:\/\/haberbesiktas.tr\/index.php?rest_route=%2Fwp%2Fv2%2Fcomments&post=15244"}],"version-history":[{"count":1,"href":"https:\/\/haberbesiktas.tr\/index.php?rest_route=\/wp\/v2\/posts\/15244\/revisions"}],"predecessor-version":[{"id":15246,"href":"https:\/\/haberbesiktas.tr\/index.php?rest_route=\/wp\/v2\/posts\/15244\/revisions\/15246"}],"wp:featuredmedia":[{"embeddable":true,"href":"https:\/\/haberbesiktas.tr\/index.php?rest_route=\/wp\/v2\/media\/15245"}],"wp:attachment":[{"href":"https:\/\/haberbesiktas.tr\/index.php?rest_route=%2Fwp%2Fv2%2Fmedia&parent=15244"}],"wp:term":[{"taxonomy":"category","embeddable":true,"href":"https:\/\/haberbesiktas.tr\/index.php?rest_route=%2Fwp%2Fv2%2Fcategories&post=15244"},{"taxonomy":"post_tag","embeddable":true,"href":"https:\/\/haberbesiktas.tr\/index.php?rest_route=%2Fwp%2Fv2%2Ftags&post=15244"}],"curies":[{"name":"wp","href":"https:\/\/api.w.org\/{rel}","templated":true}]}}