{"id":15295,"date":"2025-03-07T23:36:08","date_gmt":"2025-03-07T23:36:08","guid":{"rendered":"https:\/\/haberbesiktas.tr\/?p=15295"},"modified":"2025-03-07T23:36:08","modified_gmt":"2025-03-07T23:36:08","slug":"besiktas-transferi-acikladi-keny-arroyo","status":"publish","type":"post","link":"https:\/\/haberbesiktas.tr\/?p=15295","title":{"rendered":"Be\u015fikta\u015f, transferi a\u00e7\u0131klad\u0131: Keny Arroyo"},"content":{"rendered":"<div><span><span>Transfer \u00e7al\u0131\u015fmalar\u0131n\u0131 s\u00fcrd\u00fcren Be\u015fikta\u015f, tak\u0131m\u0131na gen\u00e7 y\u0131ld\u0131z deste\u011fi yapt\u0131.<br \/><\/span><\/span> Siyah-Beyazl\u0131lar, Independiente formas\u0131 giyen 18 ya\u015f\u0131ndaki sa\u011f kanat Keny Arroyo&#8217;yu tak\u0131m\u0131na katt\u0131\u011f\u0131n\u0131 duyurdu.<\/p>\n<p>Be\u015fikta\u015f, yapt\u0131\u011f\u0131 a\u00e7\u0131klamada Arroyo&#8217;nun\u00a0sa\u011fl\u0131k denetimleri ve transfer g\u00f6r\u00fc\u015fmelerinin tamamlanmas\u0131 i\u00e7in 8 \u015eubat Cumartesi g\u00fcn\u00fc \u0130stanbul&#8217;a gelece\u011fini bildirdi.<\/p>\n<p>Independiente, gen\u00e7 oyuncunun bonservisiyle Be\u015fikta\u015f&#8217;a transfer oldu\u011funu ve muahedede sonraki sat\u0131\u015ftan hisse hususu oldu\u011funu duyurdu.<\/p>\n<p>Keny Arroyo, Be\u015fikta\u015f&#8217;\u0131n orta transfer periyodundaki birinci ata\u011f\u0131 oldu.<\/p>\n<p>\u0130\u015fte Be\u015fikta\u015f&#8217;\u0131n a\u00e7\u0131klamas\u0131;<\/p>\n<p> <strong>&#8220;Kul\u00fcb\u00fcm\u00fcz, Independiente del Valle kul\u00fcb\u00fcnde forma giyen Keny Alexander Arroyo Alvarado&#8217;nun transferi i\u00e7in oyuncunun kul\u00fcb\u00fc ve kendisiyle prensip mutabakat\u0131na varm\u0131\u015ft\u0131r.<\/strong><\/p>\n<p> <strong>Keny Arroyo, s\u0131hhat denetimleri ve Transfer g\u00f6r\u00fc\u015fmelerinin tamamlanmas\u0131 i\u00e7in 8 \u015eubat Cumartesi g\u00fcn\u00fc \u0130stanbul&#8217;a gelecektir.&#8221;<\/p>\n<p><strong>14 GOLE KATKI<\/strong><br \/><\/strong><br \/>18 ya\u015f\u0131ndaki Ekvadorlu kanat oyuncusu bu sezon\u00a0Independiente del Valle formas\u0131yla \u00e7\u0131kt\u0131\u011f\u0131 48 ma\u00e7ta 6 gol 8 asistlik performans g\u00f6sterdi.<\/p>\n<p>Arroyo&#8217;nun piyasa pahas\u0131 4 milyon euro olarak g\u00f6steriliyor.\u00a0<\/p>\n<p><strong>KENY ARROYO&#8217;NUN KAR\u0130YER\u0130<\/strong><\/p>\n<p> Keny Arroyo, 14 \u015eubat 2006 tarihinde Ekvador&#8217;da d\u00fcnyaya geldi.<\/p>\n<p> Independiente del Valle altyap\u0131s\u0131nda yeti\u015fen gen\u00e7 futbolcu, sergiledi\u011fi performansla A kadroya y\u00fckselme ba\u015far\u0131s\u0131 g\u00f6sterdi.<\/p>\n<p> Arroyo, 2 kere de Ekvador Ulusal Kadrosu formas\u0131n\u0131 giydi.<\/p>\n<p><img decoding=\"async\" src=\"https:\/\/haberbesiktas.tr\/wp-content\/uploads\/2025\/03\/besiktas-transferi-acikladi-keny-arroyo-0-HCtj5rb8.jpg\"\/><\/p>\n<p> <span><br \/><\/span><\/div>\n","protected":false},"excerpt":{"rendered":"<p>Be\u015fikta\u015f, Independiente formas\u0131 giyen 18 ya\u015f\u0131ndaki sa\u011f kanat Keny Arroyo&#8217;yu tak\u0131m\u0131na katt\u0131\u011f\u0131n\u0131 a\u00e7\u0131klad\u0131.<\/p>\n","protected":false},"author":1,"featured_media":15296,"comment_status":"open","ping_status":"open","sticky":false,"template":"","format":"standard","meta":{"footnotes":""},"categories":[25],"tags":[1634,1642,1641,48],"class_list":["post-15295","post","type-post","status-publish","format-standard","has-post-thumbnail","hentry","category-futbol","tag-arroyo","tag-independiente","tag-keny","tag-transfer"],"_links":{"self":[{"href":"https:\/\/haberbesiktas.tr\/index.php?rest_route=\/wp\/v2\/posts\/15295","targetHints":{"allow":["GET"]}}],"collection":[{"href":"https:\/\/haberbesiktas.tr\/index.php?rest_route=\/wp\/v2\/posts"}],"about":[{"href":"https:\/\/haberbesiktas.tr\/index.php?rest_route=\/wp\/v2\/types\/post"}],"author":[{"embeddable":true,"href":"https:\/\/haberbesiktas.tr\/index.php?rest_route=\/wp\/v2\/users\/1"}],"replies":[{"embeddable":true,"href":"https:\/\/haberbesiktas.tr\/index.php?rest_route=%2Fwp%2Fv2%2Fcomments&post=15295"}],"version-history":[{"count":1,"href":"https:\/\/haberbesiktas.tr\/index.php?rest_route=\/wp\/v2\/posts\/15295\/revisions"}],"predecessor-version":[{"id":15298,"href":"https:\/\/haberbesiktas.tr\/index.php?rest_route=\/wp\/v2\/posts\/15295\/revisions\/15298"}],"wp:featuredmedia":[{"embeddable":true,"href":"https:\/\/haberbesiktas.tr\/index.php?rest_route=\/wp\/v2\/media\/15296"}],"wp:attachment":[{"href":"https:\/\/haberbesiktas.tr\/index.php?rest_route=%2Fwp%2Fv2%2Fmedia&parent=15295"}],"wp:term":[{"taxonomy":"category","embeddable":true,"href":"https:\/\/haberbesiktas.tr\/index.php?rest_route=%2Fwp%2Fv2%2Fcategories&post=15295"},{"taxonomy":"post_tag","embeddable":true,"href":"https:\/\/haberbesiktas.tr\/index.php?rest_route=%2Fwp%2Fv2%2Ftags&post=15295"}],"curies":[{"name":"wp","href":"https:\/\/api.w.org\/{rel}","templated":true}]}}