{"id":15299,"date":"2025-03-07T23:48:05","date_gmt":"2025-03-07T23:48:05","guid":{"rendered":"https:\/\/haberbesiktas.tr\/?p=15299"},"modified":"2025-03-07T23:48:05","modified_gmt":"2025-03-07T23:48:05","slug":"inter-erteleme-macinda-buyuk-firsati-tepti","status":"publish","type":"post","link":"https:\/\/haberbesiktas.tr\/?p=15299","title":{"rendered":"Inter, erteleme ma\u00e7\u0131nda b\u00fcy\u00fck f\u0131rsat\u0131 tepti"},"content":{"rendered":"<div>\u0130talya Serie A 14. hafta erteleme ma\u00e7\u0131nda Inter, deplasmanda Fiorentina ile kar\u015f\u0131la\u015ft\u0131.<br \/> Artemio Franchi Stadyumu&#8217;nda oynanan ma\u00e7\u0131 mesken sahibi 3-0 kazand\u0131.<\/p>\n<p> Fiorentina&#8217;ya galibiyeti getiren golleri 59. dakikada\u00a0<span><span><span><strong>Luca Ranieri<\/strong> ve 68 ile 89. dakikalarda\u00a0<span><strong>Moise Kean<\/strong> kaydetti.<br \/><\/span><\/span><\/span><\/span> Bu sonu\u00e7la birlikte Inter ligde 2. ma\u011flubiyetini ya\u015fad\u0131 ve 51 puanda kald\u0131. Mavi siyahl\u0131lar bu ma\u00e7la birlikte 54 puan\u0131 bulunan ba\u015fkan Napoli&#8217;yle puanlar\u0131n\u0131 e\u015fitleme f\u0131rsat\u0131n\u0131 tepti. Fiorentina ise ligde 12. galibiyetini elde etti ve 42 puana ula\u015farak 4. s\u0131raya y\u00fckseldi<\/p>\n<p> <span><span><span>\u00d6te yandan Inter&#8217;de Hakan \u00c7alhano\u011flu,\u00a0<\/span><\/span><\/span>69. dakikada yerini Nicolo Barella&#8217;ya b\u0131rakt\u0131.<\/p>\n<p>Serie A&#8217;n\u0131n 24. haftas\u0131nda 10 \u015eubat Pazar g\u00fcn\u00fc Inter ile Fiorentina bir defa daha kar\u015f\u0131 kar\u015f\u0131ya gelecek.<br \/> <strong>FIORENTINA &#8211; INTER MA\u00c7I NEDEN ERTELENM\u0130\u015eT\u0130?<br \/><\/strong><\/p>\n<p> Serie A&#8217;n\u0131n 14. haftas\u0131nda 1 Aral\u0131k&#8217;ta oynanan lakin ma\u00e7\u0131n birinci yar\u0131s\u0131nda Edoardo Bove&#8217;nin rahats\u0131zlanarak hastaneye kald\u0131r\u0131lmas\u0131yla ma\u00e7 ertelenmi\u015fti.<\/p>\n<div>\u00a0<\/div>\n<div>\n<div>\n<div><span>\u00a0<\/span><\/div>\n<\/p><\/div>\n<\/p><\/div>\n<div>\n<div>\u00a0<\/div>\n<\/p><\/div>\n<\/div>\n","protected":false},"excerpt":{"rendered":"<p>\u0130talya Serie A 14. hafta erteleme ma\u00e7\u0131nda Fiorentina, konuk etti\u011fi Inter&#8217;i 3-0 ma\u011flup etti.<\/p>\n","protected":false},"author":1,"featured_media":15300,"comment_status":"open","ping_status":"open","sticky":false,"template":"","format":"standard","meta":{"footnotes":""},"categories":[25],"tags":[622,50],"class_list":["post-15299","post","type-post","status-publish","format-standard","has-post-thumbnail","hentry","category-futbol","tag-inter","tag-mac"],"_links":{"self":[{"href":"https:\/\/haberbesiktas.tr\/index.php?rest_route=\/wp\/v2\/posts\/15299","targetHints":{"allow":["GET"]}}],"collection":[{"href":"https:\/\/haberbesiktas.tr\/index.php?rest_route=\/wp\/v2\/posts"}],"about":[{"href":"https:\/\/haberbesiktas.tr\/index.php?rest_route=\/wp\/v2\/types\/post"}],"author":[{"embeddable":true,"href":"https:\/\/haberbesiktas.tr\/index.php?rest_route=\/wp\/v2\/users\/1"}],"replies":[{"embeddable":true,"href":"https:\/\/haberbesiktas.tr\/index.php?rest_route=%2Fwp%2Fv2%2Fcomments&post=15299"}],"version-history":[{"count":1,"href":"https:\/\/haberbesiktas.tr\/index.php?rest_route=\/wp\/v2\/posts\/15299\/revisions"}],"predecessor-version":[{"id":15301,"href":"https:\/\/haberbesiktas.tr\/index.php?rest_route=\/wp\/v2\/posts\/15299\/revisions\/15301"}],"wp:featuredmedia":[{"embeddable":true,"href":"https:\/\/haberbesiktas.tr\/index.php?rest_route=\/wp\/v2\/media\/15300"}],"wp:attachment":[{"href":"https:\/\/haberbesiktas.tr\/index.php?rest_route=%2Fwp%2Fv2%2Fmedia&parent=15299"}],"wp:term":[{"taxonomy":"category","embeddable":true,"href":"https:\/\/haberbesiktas.tr\/index.php?rest_route=%2Fwp%2Fv2%2Fcategories&post=15299"},{"taxonomy":"post_tag","embeddable":true,"href":"https:\/\/haberbesiktas.tr\/index.php?rest_route=%2Fwp%2Fv2%2Ftags&post=15299"}],"curies":[{"name":"wp","href":"https:\/\/api.w.org\/{rel}","templated":true}]}}