{"id":15419,"date":"2025-03-08T07:48:06","date_gmt":"2025-03-08T07:48:06","guid":{"rendered":"https:\/\/haberbesiktas.tr\/?p=15419"},"modified":"2025-03-08T07:48:06","modified_gmt":"2025-03-08T07:48:06","slug":"trabzonsporda-vetlesen-sesleri","status":"publish","type":"post","link":"https:\/\/haberbesiktas.tr\/?p=15419","title":{"rendered":"Trabzonspor&#8217;da Vetlesen sesleri!"},"content":{"rendered":"<div>Ara transfer periyodu sona ermeden tak\u0131m\u0131na bir orta saha oyuncusu da katmak isteyen Trabzonspor&#8217;da \u00e7al\u0131\u015fmalar s\u00fcr\u00fcyor.<\/p>\n<p> Bordo-mavililer orta alanda 8 numarada oynayabilecek bir isim ar\u0131yor. Bel\u00e7ika&#8217;da Club Brugge formas\u0131 giyen Hugo Vetlesen&#8217;in transfer listesine girdi\u011fi vurgulan\u0131yor. Bel\u00e7ika bas\u0131n\u0131nda \u00e7\u0131kan haberlerde, 24 ya\u015f\u0131ndaki futbolcunun F\u0131rt\u0131na&#8217;n\u0131n yak\u0131n takibinde oldu\u011fu payla\u015f\u0131ld\u0131.<\/p>\n<p> Vetlesen&#8217;in Club Brugge&#8217;den ayr\u0131lmaya s\u0131cak bakabilece\u011fi belirtildi.<\/p>\n<p> <span><strong>HEM 8 HEM 10 NUMARA<\/strong><\/span><\/p>\n<p> Bel\u00e7ika kul\u00fcb\u00fcyle mukavelesi Haziran 2027&#8217;de sona erecek Norve\u00e7li orta saha, bu d\u00f6nem 5&#8217;i \u015eampiyonlar Ligi olmak \u00fczere toplam 27 resmi m\u00fcsabakada talih buldu. Temel durumu 8 numara olan Vetlesen, birebir vakitte 10 numarada ve sa\u011f kanatta da yer alabiliyor.<\/p>\n<p> Vakit zaman Norve\u00e7 Ulusal Ekibi&#8217;nde da baht bulan gen\u00e7 futbolcu, her iki aya\u011f\u0131n\u0131 kullanabilmesiyle dikkat \u00e7ekiyor. Hugo Vetlesen&#8217;in piyasa pahas\u0131 de 6 milyon euro olarak g\u00f6steriliyor.<\/p>\n<\/div>\n","protected":false},"excerpt":{"rendered":"<p>Trabzonspor, merkez orta saha i\u00e7in Club Brugge&#8217;den Hugo Vetlesen&#8217;i listesine dahil etti.<\/p>\n","protected":false},"author":1,"featured_media":15420,"comment_status":"open","ping_status":"open","sticky":false,"template":"","format":"standard","meta":{"footnotes":""},"categories":[25],"tags":[],"class_list":["post-15419","post","type-post","status-publish","format-standard","has-post-thumbnail","hentry","category-futbol"],"_links":{"self":[{"href":"https:\/\/haberbesiktas.tr\/index.php?rest_route=\/wp\/v2\/posts\/15419","targetHints":{"allow":["GET"]}}],"collection":[{"href":"https:\/\/haberbesiktas.tr\/index.php?rest_route=\/wp\/v2\/posts"}],"about":[{"href":"https:\/\/haberbesiktas.tr\/index.php?rest_route=\/wp\/v2\/types\/post"}],"author":[{"embeddable":true,"href":"https:\/\/haberbesiktas.tr\/index.php?rest_route=\/wp\/v2\/users\/1"}],"replies":[{"embeddable":true,"href":"https:\/\/haberbesiktas.tr\/index.php?rest_route=%2Fwp%2Fv2%2Fcomments&post=15419"}],"version-history":[{"count":1,"href":"https:\/\/haberbesiktas.tr\/index.php?rest_route=\/wp\/v2\/posts\/15419\/revisions"}],"predecessor-version":[{"id":15421,"href":"https:\/\/haberbesiktas.tr\/index.php?rest_route=\/wp\/v2\/posts\/15419\/revisions\/15421"}],"wp:featuredmedia":[{"embeddable":true,"href":"https:\/\/haberbesiktas.tr\/index.php?rest_route=\/wp\/v2\/media\/15420"}],"wp:attachment":[{"href":"https:\/\/haberbesiktas.tr\/index.php?rest_route=%2Fwp%2Fv2%2Fmedia&parent=15419"}],"wp:term":[{"taxonomy":"category","embeddable":true,"href":"https:\/\/haberbesiktas.tr\/index.php?rest_route=%2Fwp%2Fv2%2Fcategories&post=15419"},{"taxonomy":"post_tag","embeddable":true,"href":"https:\/\/haberbesiktas.tr\/index.php?rest_route=%2Fwp%2Fv2%2Ftags&post=15419"}],"curies":[{"name":"wp","href":"https:\/\/api.w.org\/{rel}","templated":true}]}}