{"id":15425,"date":"2025-03-08T08:12:06","date_gmt":"2025-03-08T08:12:06","guid":{"rendered":"https:\/\/haberbesiktas.tr\/?p=15425"},"modified":"2025-03-08T08:12:06","modified_gmt":"2025-03-08T08:12:06","slug":"iste-galatasarayin-uefa-listesine-ekleyecegi-3-isim","status":"publish","type":"post","link":"https:\/\/haberbesiktas.tr\/?p=15425","title":{"rendered":"\u0130\u015fte Galatasaray&#8217;\u0131n UEFA listesine ekleyece\u011fi 3 isim"},"content":{"rendered":"<div>Galatasaray&#8217;\u0131n UEFA listesine ekleyece\u011fi 3 yeni oyuncusu belirli oldu.<\/p>\n<p> DHA&#8217;dan Serhan T\u00fcrk&#8217;\u00fcn aktard\u0131\u011f\u0131 geli\u015fmeye nazaran; Galatasaray&#8217;\u0131n yaz transfer periyodunda ald\u0131\u011f\u0131 lakin UEFA listesine yazd\u0131ramad\u0131\u011f\u0131 Roland Sallai, listeye eklenecek birinci isim olacak.<\/p>\n<p> Orta transferde tak\u0131ma dahil edilen \u0130spanyol golc\u00fc Alvaro Morata, Mauro Icardi&#8217;nin d\u00f6nemi kapatt\u0131\u011f\u0131 sakatl\u0131\u011f\u0131 ve Michy Batshuayi&#8217;nin ayr\u0131l\u0131\u011f\u0131 sonras\u0131 tak\u0131ma eklenecek bir ba\u015fka isim olacak.<\/p>\n<p> Roma&#8217;ya transfer olan Victor Nelsson yerine ise Carlos Cuesta, UEFA listesine eklenen son isim olacak.<\/p>\n<p> Galatasaray, UEFA Avrupa Ligi playoff tipinde AZ Alkmaar ile kar\u015f\u0131la\u015facak.<\/p>\n<\/div>\n","protected":false},"excerpt":{"rendered":"<p>Galatasaray&#8217;\u0131n UEFA Avrupa Ligi playoff \u00e7e\u015fidi i\u00e7in listesine ekleyece\u011fi 3 yeni isim a\u015fik\u00e2r oldu.<\/p>\n","protected":false},"author":1,"featured_media":15426,"comment_status":"open","ping_status":"open","sticky":false,"template":"","format":"standard","meta":{"footnotes":""},"categories":[25],"tags":[],"class_list":["post-15425","post","type-post","status-publish","format-standard","has-post-thumbnail","hentry","category-futbol"],"_links":{"self":[{"href":"https:\/\/haberbesiktas.tr\/index.php?rest_route=\/wp\/v2\/posts\/15425","targetHints":{"allow":["GET"]}}],"collection":[{"href":"https:\/\/haberbesiktas.tr\/index.php?rest_route=\/wp\/v2\/posts"}],"about":[{"href":"https:\/\/haberbesiktas.tr\/index.php?rest_route=\/wp\/v2\/types\/post"}],"author":[{"embeddable":true,"href":"https:\/\/haberbesiktas.tr\/index.php?rest_route=\/wp\/v2\/users\/1"}],"replies":[{"embeddable":true,"href":"https:\/\/haberbesiktas.tr\/index.php?rest_route=%2Fwp%2Fv2%2Fcomments&post=15425"}],"version-history":[{"count":1,"href":"https:\/\/haberbesiktas.tr\/index.php?rest_route=\/wp\/v2\/posts\/15425\/revisions"}],"predecessor-version":[{"id":15427,"href":"https:\/\/haberbesiktas.tr\/index.php?rest_route=\/wp\/v2\/posts\/15425\/revisions\/15427"}],"wp:featuredmedia":[{"embeddable":true,"href":"https:\/\/haberbesiktas.tr\/index.php?rest_route=\/wp\/v2\/media\/15426"}],"wp:attachment":[{"href":"https:\/\/haberbesiktas.tr\/index.php?rest_route=%2Fwp%2Fv2%2Fmedia&parent=15425"}],"wp:term":[{"taxonomy":"category","embeddable":true,"href":"https:\/\/haberbesiktas.tr\/index.php?rest_route=%2Fwp%2Fv2%2Fcategories&post=15425"},{"taxonomy":"post_tag","embeddable":true,"href":"https:\/\/haberbesiktas.tr\/index.php?rest_route=%2Fwp%2Fv2%2Ftags&post=15425"}],"curies":[{"name":"wp","href":"https:\/\/api.w.org\/{rel}","templated":true}]}}