{"id":15428,"date":"2025-03-08T08:24:05","date_gmt":"2025-03-08T08:24:05","guid":{"rendered":"https:\/\/haberbesiktas.tr\/?p=15428"},"modified":"2025-03-08T08:24:05","modified_gmt":"2025-03-08T08:24:05","slug":"en-nesyri-fenerbahcede-kariyerinin-sezonununu-yasiyor","status":"publish","type":"post","link":"https:\/\/haberbesiktas.tr\/?p=15428","title":{"rendered":"En Nesyr\u0131, Fenerbah\u00e7e&#8217;de kariyerinin sezonununu ya\u015f\u0131yor"},"content":{"rendered":"<div>\n<p>Fenerbah\u00e7e&#8217;nin d\u00f6nem ba\u015f\u0131nda Sevilla&#8217;dan tak\u0131m\u0131na katt\u0131\u011f\u0131 En-Nesyri adeta f\u0131rt\u0131na istiyor.<\/p>\n<p> 27 ya\u015f\u0131ndaki futbolcu Fenerbah\u00e7e&#8217;ye \u00e7abucak hemen her ma\u00e7ta golleri ve asistleriyle katk\u0131 veriyor. Y\u0131ld\u0131z forvet Adana Demir; G\u00f6ztepe ve Rize ma\u00e7lar\u0131n\u0131n son dakikalar\u0131nda att\u0131\u011f\u0131 gollerle ekibini \u015fampiyonluk yar\u0131\u015f\u0131nda tutmay\u0131 ba\u015farm\u0131\u015ft\u0131.<\/p>\n<p> Fenerbah\u00e7e&#8217;de bu d\u00f6nem 33 ma\u00e7ta uzunluk g\u00f6steren En-Nesyri, t\u00fcm kulvarlarda 20 gol att\u0131 ve 4 asist yapt\u0131. Fasl\u0131 golc\u00fc bu performans\u0131 ile Sar\u0131-Lacivertliler&#8217;e 78 dakikada 1 gol katk\u0131s\u0131 vererek Sevilla&#8217;daki son 2 y\u0131ldaki performans\u0131n\u0131 geride b\u0131rakt\u0131. En-Nesyri, S\u00fcper Lig&#8217;de 17 gole tesir ederken; Avrupa Ligi&#8217;nde 4 ve T\u00fcrkiye Kupas\u0131&#8217;nda ise 3 defa skora katk\u0131 verdi. La Liga grubunda ise 2023\/24&#8217;te 141 dakikada 1 gol katk\u0131s\u0131nda bulunurken; 2022- 23&#8217;te ise bu say\u0131 152 dakika ile \u00f6ne \u00e7\u0131kt\u0131.<\/p>\n<p> Tecr\u00fcbeli forvet, Sevilla ile 2019\/20 ve 2022\/23 y\u0131llar\u0131nda UEFA Avrupa Ligi zaferleri ya\u015fam\u0131\u015ft\u0131. Mourinho&#8217;nun \u00f6zel iste\u011fi do\u011frultusunda Sar\u0131-Lacivertliler, Sevilla&#8217;ya En-Nesyri i\u00e7in 19.5 milyon Euro \u00f6demi\u015fti. 1.88&#8217;lik santrfor Fenerbah\u00e7e&#8217;ye 5 y\u0131ll\u0131k imza atm\u0131\u015ft\u0131.<\/p>\n<p> \u00a0<\/p>\n<p> \u00a0<\/p>\n<\/div>\n","protected":false},"excerpt":{"rendered":"<p>En-Nesyri Fenerbah\u00e7e&#8217;de 78 dakikada 1 gol katk\u0131s\u0131 vererek mesle\u011finin en yeterli oran\u0131na ula\u015ft\u0131. Fasl\u0131 y\u0131ld\u0131z, Sevilla formas\u0131yla 2023\/24&#8217;te 141 dakikada 1 gol katk\u0131s\u0131nda bulunurken; 2022-23&#8217;te ise bu say\u0131 152 dakika olarak ger\u00e7ekle\u015fmi\u015fti.<\/p>\n","protected":false},"author":1,"featured_media":15429,"comment_status":"open","ping_status":"open","sticky":false,"template":"","format":"standard","meta":{"footnotes":""},"categories":[25],"tags":[77],"class_list":["post-15428","post","type-post","status-publish","format-standard","has-post-thumbnail","hentry","category-futbol","tag-gol"],"_links":{"self":[{"href":"https:\/\/haberbesiktas.tr\/index.php?rest_route=\/wp\/v2\/posts\/15428","targetHints":{"allow":["GET"]}}],"collection":[{"href":"https:\/\/haberbesiktas.tr\/index.php?rest_route=\/wp\/v2\/posts"}],"about":[{"href":"https:\/\/haberbesiktas.tr\/index.php?rest_route=\/wp\/v2\/types\/post"}],"author":[{"embeddable":true,"href":"https:\/\/haberbesiktas.tr\/index.php?rest_route=\/wp\/v2\/users\/1"}],"replies":[{"embeddable":true,"href":"https:\/\/haberbesiktas.tr\/index.php?rest_route=%2Fwp%2Fv2%2Fcomments&post=15428"}],"version-history":[{"count":1,"href":"https:\/\/haberbesiktas.tr\/index.php?rest_route=\/wp\/v2\/posts\/15428\/revisions"}],"predecessor-version":[{"id":15430,"href":"https:\/\/haberbesiktas.tr\/index.php?rest_route=\/wp\/v2\/posts\/15428\/revisions\/15430"}],"wp:featuredmedia":[{"embeddable":true,"href":"https:\/\/haberbesiktas.tr\/index.php?rest_route=\/wp\/v2\/media\/15429"}],"wp:attachment":[{"href":"https:\/\/haberbesiktas.tr\/index.php?rest_route=%2Fwp%2Fv2%2Fmedia&parent=15428"}],"wp:term":[{"taxonomy":"category","embeddable":true,"href":"https:\/\/haberbesiktas.tr\/index.php?rest_route=%2Fwp%2Fv2%2Fcategories&post=15428"},{"taxonomy":"post_tag","embeddable":true,"href":"https:\/\/haberbesiktas.tr\/index.php?rest_route=%2Fwp%2Fv2%2Ftags&post=15428"}],"curies":[{"name":"wp","href":"https:\/\/api.w.org\/{rel}","templated":true}]}}