{"id":1545,"date":"2025-01-06T18:06:45","date_gmt":"2025-01-06T18:06:45","guid":{"rendered":"https:\/\/haberbesiktas.tr\/?p=1545"},"modified":"2025-01-06T18:06:45","modified_gmt":"2025-01-06T18:06:45","slug":"galatasarayda-mertense-kal-baskisi","status":"publish","type":"post","link":"https:\/\/haberbesiktas.tr\/?p=1545","title":{"rendered":"Galatasaray&#8217;da Mertens&#8217;e kal bask\u0131s\u0131"},"content":{"rendered":"<p>Galatasaray&#8217;da ilerleyen ya\u015f\u0131na kar\u015f\u0131n sergiledi\u011fi performansla tarafl\u0131 tarafs\u0131z herkesin be\u011fenisini kazanan Dries Mertens, d\u00f6nem sonunda futbol mesle\u011fine nokta koymak istiyordu.<\/p>\n<p> Ge\u00e7en y\u0131l da bu istikamette plan yapan fakat G.Saray&#8217;\u0131n \u0131srar\u0131 sonucunda bunu bir y\u0131l erteleyen Mertens tekrar m\u00fckemmeller yarat\u0131yor ve birebir bask\u0131 ile kar\u015f\u0131 kar\u015f\u0131ya. 8 asistle ligde, 5 asistle ise Avrupa Ligi&#8217;nde krall\u0131k yar\u0131s\u0131nda dorukta bulunan Mertens&#8217;ten idare de teknik heyet de bir y\u0131l daha istiyor.<\/p>\n<p> Mertens, ge\u00e7ti\u011fimiz g\u00fcnlerde yapt\u0131\u011f\u0131 a\u00e7\u0131klamada, d\u00f6nem sonunda futbolu b\u0131rak\u0131p b\u0131rakmayaca\u011f\u0131 istikametinde gelen soruya, <strong>&#8220;G\u00f6rece\u011fiz&#8221;<\/strong> cevab\u0131n\u0131 vermi\u015fti.<\/p>\n","protected":false},"excerpt":{"rendered":"<p>Galatasaray&#8217;da teknik heyet ve idare, Dries Mertens&#8217;in bir y\u0131l daha devam etmesini istiyor.<\/p>\n","protected":false},"author":1,"featured_media":1546,"comment_status":"open","ping_status":"open","sticky":false,"template":"","format":"standard","meta":{"footnotes":""},"categories":[25],"tags":[],"class_list":["post-1545","post","type-post","status-publish","format-standard","has-post-thumbnail","hentry","category-futbol"],"_links":{"self":[{"href":"https:\/\/haberbesiktas.tr\/index.php?rest_route=\/wp\/v2\/posts\/1545","targetHints":{"allow":["GET"]}}],"collection":[{"href":"https:\/\/haberbesiktas.tr\/index.php?rest_route=\/wp\/v2\/posts"}],"about":[{"href":"https:\/\/haberbesiktas.tr\/index.php?rest_route=\/wp\/v2\/types\/post"}],"author":[{"embeddable":true,"href":"https:\/\/haberbesiktas.tr\/index.php?rest_route=\/wp\/v2\/users\/1"}],"replies":[{"embeddable":true,"href":"https:\/\/haberbesiktas.tr\/index.php?rest_route=%2Fwp%2Fv2%2Fcomments&post=1545"}],"version-history":[{"count":1,"href":"https:\/\/haberbesiktas.tr\/index.php?rest_route=\/wp\/v2\/posts\/1545\/revisions"}],"predecessor-version":[{"id":1547,"href":"https:\/\/haberbesiktas.tr\/index.php?rest_route=\/wp\/v2\/posts\/1545\/revisions\/1547"}],"wp:featuredmedia":[{"embeddable":true,"href":"https:\/\/haberbesiktas.tr\/index.php?rest_route=\/wp\/v2\/media\/1546"}],"wp:attachment":[{"href":"https:\/\/haberbesiktas.tr\/index.php?rest_route=%2Fwp%2Fv2%2Fmedia&parent=1545"}],"wp:term":[{"taxonomy":"category","embeddable":true,"href":"https:\/\/haberbesiktas.tr\/index.php?rest_route=%2Fwp%2Fv2%2Fcategories&post=1545"},{"taxonomy":"post_tag","embeddable":true,"href":"https:\/\/haberbesiktas.tr\/index.php?rest_route=%2Fwp%2Fv2%2Ftags&post=1545"}],"curies":[{"name":"wp","href":"https:\/\/api.w.org\/{rel}","templated":true}]}}