{"id":15500,"date":"2025-03-08T13:12:06","date_gmt":"2025-03-08T13:12:06","guid":{"rendered":"https:\/\/haberbesiktas.tr\/?p=15500"},"modified":"2025-03-08T13:12:06","modified_gmt":"2025-03-08T13:12:06","slug":"alp-aksoy-yeni-takimi-ile-2025-yilinin-ilk-yarisina-cikiyor","status":"publish","type":"post","link":"https:\/\/haberbesiktas.tr\/?p=15500","title":{"rendered":"Alp Aksoy, yeni tak\u0131m\u0131 ile 2025 y\u0131l\u0131n\u0131n ilk yar\u0131\u015f\u0131na \u00e7\u0131k\u0131yor"},"content":{"rendered":"<p>T\u00fcrkiye&#8217;nin gen\u00e7 ulusal atletlerinden Alp Aksoy, 2025&#8217;in, birinci yar\u0131\u015f\u0131na WSK Harika Serisi ile \u0130talya&#8217;da \u00e7\u0131k\u0131yor. Aksoy, 5-9 \u015eubat tarihleri ortas\u0131nda yeni ekibi Prema Racing i\u00e7in birinci defa yar\u0131\u015facak.<\/p>\n<p> D\u00fcnyan\u0131n en eski karting yar\u0131\u015flar\u0131ndan Industrie Kupas\u0131&#8217;nda podyuma \u00e7\u0131kan birinci ve tek T\u00fcrk pilot olma unvan\u0131na sahip Alp Aksoy, 2024 y\u0131l\u0131nda bir\u00e7ok farkl\u0131 seride \u00f6nemli ba\u015far\u0131lar\u0131na imza att\u0131. Her yar\u0131\u015f\u0131nda bir ad\u0131m daha ileriye giden Aksoy, 2025&#8217;te geli\u015fim serilerinin en yeterli kadrolar\u0131ndan olan Prema Racing ile anla\u015ft\u0131. Gen\u00e7 yar\u0131\u015f\u00e7\u0131, yeni kadrosuyla birinci yar\u0131\u015f\u0131na \u0130talya&#8217;daki International Circuit Napoli SARNO&#8217;da \u00e7\u0131k\u0131yor. Aksoy, seride OK kategorisinde yar\u0131\u015f\u0131yor.<\/p>\n<p> Ulusal atlet Alp Aksoy, profesyonel yar\u0131\u015f mesle\u011fine 5 ya\u015f\u0131nda ad\u0131m att\u0131. Avrupa ve d\u00fcnya karting \u015fampiyonalar\u0131nda birebir anda gayret eden birinci ve tek T\u00fcrk pilot olan Aksoy, kat\u0131ld\u0131\u011f\u0131 yar\u0131\u015flarda k\u0131sa m\u00fcddette podyumlara \u00e7\u0131kmay\u0131 ba\u015fard\u0131. Aksoy, T\u00fcrkiye Karting \u015eampiyonas\u0131, T\u00fcrkiye Berat T\u00fcrker K\u0131\u015f Kupas\u0131, CEE Avrupa \u015eampiyonas\u0131, WSK \u00dcst\u00fcn Master Series, FIA Karting D\u00fcnya \u015eampiyonas\u0131 \u00fczere bir\u00e7ok seride muvaffakiyetler elde etti.<\/p>\n<p> <strong>ALP AKSOY&#8217;UN YEN\u0130 D\u00d6NEMDEK\u0130 B\u0130R\u0130NC\u0130 YARI\u015e \u0130TALYA&#8217;DA<\/strong><\/p>\n<p> Formula 1&#8217;i hedefleyen gen\u00e7 pilotlar i\u00e7in de\u011ferli serilerden olan WSK Harika Serisi, d\u00fcnyan\u0131n d\u00f6rt bir yan\u0131ndaki ba\u015far\u0131l\u0131 pilotlar\u0131n rekabetine konut sahipli\u011fi yapacak. Yar\u0131\u015f, WSK Promotion Facebook sayfas\u0131nda, WSK internet sitesinde ve WSK Promotion YouTube hesab\u0131nda canl\u0131 yay\u0131nlanacak.<\/p>\n<p> <strong>\u00a0Gen\u00e7 ulusal pilot, Prema Racing ile birinci yar\u0131\u015f\u0131na WSK Harika Serisi&#8217;nde \u00e7\u0131kacak.<br \/><\/strong><\/p>\n<p> Alp Aksoy, bir sonraki yar\u0131\u015f i\u00e7in de \u0130talya&#8217;da olacak. 19-23 \u015eubat tarihleri ortas\u0131nda d\u00fczenlenecek olan WSK Harika Serisi&#8217;ndeki bir sonraki yar\u0131\u015f South Garda Karting Pisti&#8217;nde d\u00fczenlenecek.<\/p>\n","protected":false},"excerpt":{"rendered":"<p>Gen\u00e7 ulusal pilot Alp Aksoy, Prema Racing ile birinci yar\u0131\u015f\u0131na WSK Harika Serisi&#8217;nde \u00e7\u0131kacak.<\/p>\n","protected":false},"author":1,"featured_media":15501,"comment_status":"open","ping_status":"open","sticky":false,"template":"","format":"standard","meta":{"footnotes":""},"categories":[27],"tags":[1657,92,1279,89,88],"class_list":["post-15500","post","type-post","status-publish","format-standard","has-post-thumbnail","hentry","category-guncel-haberler","tag-aksoy","tag-karting","tag-pilot","tag-turk","tag-yaris"],"_links":{"self":[{"href":"https:\/\/haberbesiktas.tr\/index.php?rest_route=\/wp\/v2\/posts\/15500","targetHints":{"allow":["GET"]}}],"collection":[{"href":"https:\/\/haberbesiktas.tr\/index.php?rest_route=\/wp\/v2\/posts"}],"about":[{"href":"https:\/\/haberbesiktas.tr\/index.php?rest_route=\/wp\/v2\/types\/post"}],"author":[{"embeddable":true,"href":"https:\/\/haberbesiktas.tr\/index.php?rest_route=\/wp\/v2\/users\/1"}],"replies":[{"embeddable":true,"href":"https:\/\/haberbesiktas.tr\/index.php?rest_route=%2Fwp%2Fv2%2Fcomments&post=15500"}],"version-history":[{"count":1,"href":"https:\/\/haberbesiktas.tr\/index.php?rest_route=\/wp\/v2\/posts\/15500\/revisions"}],"predecessor-version":[{"id":15502,"href":"https:\/\/haberbesiktas.tr\/index.php?rest_route=\/wp\/v2\/posts\/15500\/revisions\/15502"}],"wp:featuredmedia":[{"embeddable":true,"href":"https:\/\/haberbesiktas.tr\/index.php?rest_route=\/wp\/v2\/media\/15501"}],"wp:attachment":[{"href":"https:\/\/haberbesiktas.tr\/index.php?rest_route=%2Fwp%2Fv2%2Fmedia&parent=15500"}],"wp:term":[{"taxonomy":"category","embeddable":true,"href":"https:\/\/haberbesiktas.tr\/index.php?rest_route=%2Fwp%2Fv2%2Fcategories&post=15500"},{"taxonomy":"post_tag","embeddable":true,"href":"https:\/\/haberbesiktas.tr\/index.php?rest_route=%2Fwp%2Fv2%2Ftags&post=15500"}],"curies":[{"name":"wp","href":"https:\/\/api.w.org\/{rel}","templated":true}]}}