{"id":15503,"date":"2025-03-08T13:24:05","date_gmt":"2025-03-08T13:24:05","guid":{"rendered":"https:\/\/haberbesiktas.tr\/?p=15503"},"modified":"2025-03-08T13:24:05","modified_gmt":"2025-03-08T13:24:05","slug":"karsiyakada-yasin-gole-hasret","status":"publish","type":"post","link":"https:\/\/haberbesiktas.tr\/?p=15503","title":{"rendered":"Kar\u015f\u0131yaka&#8217;da Yasin gole hasret"},"content":{"rendered":"<div>\n<p>3&#8217;\u00fcnc\u00fc Lig 1&#8217;inci K\u00fcme&#8217;de transfer yasa\u011f\u0131 ve mali kahr\u0131 y\u00fcz\u00fcnden \u015fampiyonluk yar\u0131\u015f\u0131ndaki tak\u0131m\u0131n\u0131 destek edemeyen Kar\u015f\u0131yaka&#8217;da a\u011f\u0131r sakatl\u0131ktan \u00e7\u0131kan santrfor Yasin Ozan da bekledi\u011fi patlamay\u0131 bir t\u00fcrl\u00fc yapamad\u0131.<\/p>\n<p> Ge\u00e7en d\u00f6nem ekibin en golc\u00fcs\u00fcyken 17 \u015eubat 2023&#8217;teki Batman Petrolspor ma\u00e7\u0131nda \u00e7apraz ba\u011flar\u0131 kopunca ameliyat olarak d\u00f6nemi kapatan Yasin, alanlara bu d\u00f6nem ekim ay\u0131n\u0131n sonunda d\u00f6nebildi.<\/p>\n<p> \u0130yile\u015ftikten sonra lig ve T\u00fcrkiye Kupas\u0131&#8217;nda 11 ma\u00e7ta forma giyen Yasin, yaln\u0131zca 17 Kas\u0131m&#8217;daki Anadolu \u00dcniversitesi deplasman\u0131nda a\u011flar\u0131 sarst\u0131. O ma\u00e7ta 289 g\u00fcn sonra gol sevinci ya\u015fayan gurbet\u00e7i futbolcu, akabinde forma giydi\u011fi son 7 lig ma\u00e7\u0131nda ise skor \u00fcretemedi.<\/p>\n<\/div>\n","protected":false},"excerpt":{"rendered":"<p>Kar\u015f\u0131yaka&#8217;da a\u011f\u0131r sakatl\u0131\u011f\u0131n\u0131n akabinde alanlara d\u00f6nen golc\u00fc Yasin Ozan, son 7 lig ma\u00e7\u0131nda fileleri havaland\u0131ramad\u0131.<\/p>\n","protected":false},"author":1,"featured_media":15504,"comment_status":"open","ping_status":"open","sticky":false,"template":"","format":"standard","meta":{"footnotes":""},"categories":[25],"tags":[],"class_list":["post-15503","post","type-post","status-publish","format-standard","has-post-thumbnail","hentry","category-futbol"],"_links":{"self":[{"href":"https:\/\/haberbesiktas.tr\/index.php?rest_route=\/wp\/v2\/posts\/15503","targetHints":{"allow":["GET"]}}],"collection":[{"href":"https:\/\/haberbesiktas.tr\/index.php?rest_route=\/wp\/v2\/posts"}],"about":[{"href":"https:\/\/haberbesiktas.tr\/index.php?rest_route=\/wp\/v2\/types\/post"}],"author":[{"embeddable":true,"href":"https:\/\/haberbesiktas.tr\/index.php?rest_route=\/wp\/v2\/users\/1"}],"replies":[{"embeddable":true,"href":"https:\/\/haberbesiktas.tr\/index.php?rest_route=%2Fwp%2Fv2%2Fcomments&post=15503"}],"version-history":[{"count":1,"href":"https:\/\/haberbesiktas.tr\/index.php?rest_route=\/wp\/v2\/posts\/15503\/revisions"}],"predecessor-version":[{"id":15505,"href":"https:\/\/haberbesiktas.tr\/index.php?rest_route=\/wp\/v2\/posts\/15503\/revisions\/15505"}],"wp:featuredmedia":[{"embeddable":true,"href":"https:\/\/haberbesiktas.tr\/index.php?rest_route=\/wp\/v2\/media\/15504"}],"wp:attachment":[{"href":"https:\/\/haberbesiktas.tr\/index.php?rest_route=%2Fwp%2Fv2%2Fmedia&parent=15503"}],"wp:term":[{"taxonomy":"category","embeddable":true,"href":"https:\/\/haberbesiktas.tr\/index.php?rest_route=%2Fwp%2Fv2%2Fcategories&post=15503"},{"taxonomy":"post_tag","embeddable":true,"href":"https:\/\/haberbesiktas.tr\/index.php?rest_route=%2Fwp%2Fv2%2Ftags&post=15503"}],"curies":[{"name":"wp","href":"https:\/\/api.w.org\/{rel}","templated":true}]}}