{"id":15509,"date":"2025-03-08T13:48:07","date_gmt":"2025-03-08T13:48:07","guid":{"rendered":"https:\/\/haberbesiktas.tr\/?p=15509"},"modified":"2025-03-08T13:48:07","modified_gmt":"2025-03-08T13:48:07","slug":"masa-tenisine-6sinda-basladi-13unde-dunyada-basari-hedefliyor","status":"publish","type":"post","link":"https:\/\/haberbesiktas.tr\/?p=15509","title":{"rendered":"Masa tenisine 6&#8217;s\u0131nda ba\u015flad\u0131 13&#8217;\u00fcnde d\u00fcnyada ba\u015far\u0131 hedefliyor"},"content":{"rendered":"<p>Kayseri Kocasinan Belediyesi Spor Kul\u00fcb\u00fc&#8217;nde forma giyen ulusal atlet Ayten Ceren Kahraman, Balkan \u015eampiyonu halas\u0131 Bet\u00fcl I\u015f\u0131k Kahraman&#8217;\u0131n y\u00f6nlendirmesiyle 6 ya\u015f\u0131nda ba\u015flad\u0131\u011f\u0131 masa tenisinde 13 ya\u015f\u0131nda d\u00fcnya \u015fampiyonas\u0131nda k\u00fcrs\u00fcye \u00e7\u0131kmay\u0131 hedefliyor.<\/p>\n<p> Fevziye Memduh G\u00fcpg\u00fcpo\u011flu Spor Lisesi 9. s\u0131n\u0131f \u00f6\u011frencisi Ayten Ceren, masa tenisinde birinci madalyas\u0131n\u0131, 2021 y\u0131l\u0131nda Ankara&#8217;da d\u00fczenlenen \u015fampiyonada minik k\u0131zlar kategorisinde T\u00fcrkiye \u00fc\u00e7\u00fcnc\u00fcl\u00fc\u011f\u00fcyle ald\u0131.<\/p>\n<p> Ayten Ceren, 28-29 Aral\u0131k 2024&#8217;te Amasya&#8217;da organize edilen &#8220;Y\u0131ld\u0131z K\u0131zlar En Yeterli 16&#8217;lar&#8221; yar\u0131\u015f\u0131nda da T\u00fcrkiye ikincisi olarak ulusal kadroya kat\u0131lmaya hak kazand\u0131.<\/p>\n<p> Nev\u015fehir&#8217;de 12-15 \u015eubat&#8217;ta d\u00fczenlenecek WTT Youth Contender A\u00e7\u0131k Turnuvas\u0131&#8217;nda puanlar kazanarak d\u00fcnya \u015fampiyonas\u0131nda ay-y\u0131ld\u0131zl\u0131 formay\u0131 giymek isteyen Ayten Ceren, d\u00fcnya \u015fampiyonas\u0131nda k\u00fcrs\u00fcn\u00fcn en \u00fcst basama\u011f\u0131nda yer almak istiyor.<\/p>\n<p> Ayten Ceren Kahraman, AA muhabirine, masa tenisinin hayat\u0131n\u0131n planl\u0131 ve disiplinli bi\u00e7imde ilerlemesine yard\u0131mc\u0131 oldu\u011funu s\u00f6yledi.<\/p>\n<p> Masa tenisinin reflekslerini geli\u015ftirdi\u011fini belirten Ayten Ceren, &#8220;D\u0131\u015far\u0131dan \u00e7ok kolay bir spor \u00fczere g\u00f6z\u00fck\u00fcyor. \u0130\u00e7inde olup hayat\u0131m\u0131z\u0131 buradan y\u00f6nlendirerek bir derece almay\u0131 ve ulusal kadroya se\u00e7ilmeyi hedefleyince nitekim g\u00fc\u00e7 oluyor. Bunun i\u00e7in de daha \u00e7ok \u00e7al\u0131\u015fmak gerekiyor.&#8221; dedi.<\/p>\n<p> Ayten Ceren, masa tenisinde \u00e7ok say\u0131da madalya kazand\u0131\u011f\u0131n\u0131 anlatarak &#8220;Nev\u015fehir&#8217;de yap\u0131lacak WTT Youth Contender A\u00e7\u0131k Turnuvas\u0131&#8217;nda bayra\u011f\u0131m\u0131z\u0131 en yeterli formda temsil edip oradan gelen puanlarla da d\u00fcnya \u015fampiyonas\u0131na kat\u0131lmay\u0131 istiyorum.&#8221; diye konu\u015ftu.<\/p>\n<p> Ayten Ceren, ulusal grupta yer alman\u0131n \u00e7ok g\u00fc\u00e7 oldu\u011funu ve ma\u00e7lara \u00e7ok haz\u0131rland\u0131\u011f\u0131n\u0131 vurgulad\u0131.<\/p>\n<p> Ulusal ekipte derece yapman\u0131n \u00f6nceli\u011fi oldu\u011funu lisana getiren Ayten Ceren, &#8220;Pes etmeden 6 ya\u015f\u0131ndan beri \u00e7al\u0131\u015f\u0131yoruz. Bundan sonraki amac\u0131m d\u00fcnya \u015fampiyonas\u0131na kat\u0131l\u0131p orada ay-y\u0131ld\u0131zl\u0131 bayra\u011f\u0131m\u0131z\u0131 en \u00e2l\u00e2 bi\u00e7imde temsil edip \u0130stiklal Mar\u015f\u0131&#8217;m\u0131z\u0131 okutmak.&#8221; diye konu\u015ftu.\u00a0<\/p>\n<p> <strong>&#8211; &#8220;Disiplinli ve azimli \u00e7al\u0131\u015f\u0131yor&#8221;<\/strong><\/p>\n<p> Masa tenisi antren\u00f6r\u00fc Furkan K\u00f6se de Ceren&#8217;in haftan\u0131n 7 g\u00fcn\u00fc salonda \u00e7al\u0131\u015fma yapt\u0131\u011f\u0131n\u0131 ve ailesinden \u00e7ok antren\u00f6rlerini ve arkada\u015flar\u0131n\u0131 g\u00f6rd\u00fc\u011f\u00fcn\u00fc s\u00f6yledi.<\/p>\n<p> \u00c7al\u0131\u015fmalar\u0131n\u0131n a\u011f\u0131r ge\u00e7ti\u011fini anlatan K\u00f6se, &#8220;Ceren, disiplinli ve azimli \u00e7al\u0131\u015f\u0131yor. Bu \u00e7al\u0131\u015fman\u0131n sonunda da ho\u015f dereceler elde ediyoruz. Ge\u00e7en ay kat\u0131ld\u0131\u011f\u0131m\u0131z turnuvada T\u00fcrkiye ikincisi olarak ulusal kadroya kat\u0131lmaya hak kazand\u0131. Ceren&#8217;in ulusal grup formas\u0131n\u0131 uzun y\u0131llar ta\u015f\u0131yaca\u011f\u0131na inan\u0131yoruz.&#8221; de\u011ferlendirmesinde bulundu.<\/p>\n","protected":false},"excerpt":{"rendered":"<p>Balkan \u015eampiyonu halas\u0131n\u0131n y\u00f6nlendirmesiyle Kayseri&#8217;de 6 ya\u015f\u0131nda masa tenisine ba\u015flayan 13 ya\u015f\u0131ndaki ulusal atlet Ayten Ceren Kahraman, bran\u015f\u0131nda ba\u015far\u0131l\u0131 olabilmek i\u00e7in &#8220;pes etmeden&#8221; \u00e7al\u0131\u015f\u0131yor.<\/p>\n","protected":false},"author":1,"featured_media":15510,"comment_status":"open","ping_status":"open","sticky":false,"template":"","format":"standard","meta":{"footnotes":""},"categories":[27],"tags":[1659,156,1658,145],"class_list":["post-15509","post","type-post","status-publish","format-standard","has-post-thumbnail","hentry","category-guncel-haberler","tag-ceren","tag-dunya","tag-masa-tenisi","tag-milli-takim"],"_links":{"self":[{"href":"https:\/\/haberbesiktas.tr\/index.php?rest_route=\/wp\/v2\/posts\/15509","targetHints":{"allow":["GET"]}}],"collection":[{"href":"https:\/\/haberbesiktas.tr\/index.php?rest_route=\/wp\/v2\/posts"}],"about":[{"href":"https:\/\/haberbesiktas.tr\/index.php?rest_route=\/wp\/v2\/types\/post"}],"author":[{"embeddable":true,"href":"https:\/\/haberbesiktas.tr\/index.php?rest_route=\/wp\/v2\/users\/1"}],"replies":[{"embeddable":true,"href":"https:\/\/haberbesiktas.tr\/index.php?rest_route=%2Fwp%2Fv2%2Fcomments&post=15509"}],"version-history":[{"count":1,"href":"https:\/\/haberbesiktas.tr\/index.php?rest_route=\/wp\/v2\/posts\/15509\/revisions"}],"predecessor-version":[{"id":15511,"href":"https:\/\/haberbesiktas.tr\/index.php?rest_route=\/wp\/v2\/posts\/15509\/revisions\/15511"}],"wp:featuredmedia":[{"embeddable":true,"href":"https:\/\/haberbesiktas.tr\/index.php?rest_route=\/wp\/v2\/media\/15510"}],"wp:attachment":[{"href":"https:\/\/haberbesiktas.tr\/index.php?rest_route=%2Fwp%2Fv2%2Fmedia&parent=15509"}],"wp:term":[{"taxonomy":"category","embeddable":true,"href":"https:\/\/haberbesiktas.tr\/index.php?rest_route=%2Fwp%2Fv2%2Fcategories&post=15509"},{"taxonomy":"post_tag","embeddable":true,"href":"https:\/\/haberbesiktas.tr\/index.php?rest_route=%2Fwp%2Fv2%2Ftags&post=15509"}],"curies":[{"name":"wp","href":"https:\/\/api.w.org\/{rel}","templated":true}]}}