{"id":15520,"date":"2025-03-08T14:24:06","date_gmt":"2025-03-08T14:24:06","guid":{"rendered":"https:\/\/haberbesiktas.tr\/?p=15520"},"modified":"2025-03-08T14:24:06","modified_gmt":"2025-03-08T14:24:06","slug":"galatasaraya-super-ligden-surpriz-sol-bek","status":"publish","type":"post","link":"https:\/\/haberbesiktas.tr\/?p=15520","title":{"rendered":"Galatasaray&#8217;a S\u00fcper Lig&#8217;den s\u00fcrpriz sol bek"},"content":{"rendered":"<div>Eren Elmal\u0131 i\u00e7in Trabzonspor ile bir m\u00fcddettir pazarl\u0131k halinde olan Galatasaray, bordo-mavililerle mutabakat sa\u011flayamad\u0131.<\/p>\n<p> Galatasaray&#8217;da Eren Elmal\u0131 konusu rafa kald\u0131r\u0131l\u0131rken, alternatif isimler \u00fczerine yo\u011funla\u015f\u0131ld\u0131. TRT Spor&#8217;un haberine nazaran <strong>Galatasaray, Yusuf \u00d6zdemir i\u00e7in Alanyaspor ile g\u00f6r\u00fc\u015fmelere ba\u015flad\u0131.<\/strong><\/p>\n<p><strong>ALANYASPOR ALTYAPISINDAN YET\u0130\u015eT\u0130<\/strong><\/p>\n<p> Alanyaspor altyap\u0131s\u0131nda forma giyen ve 2021 y\u0131l\u0131nda profesyonel kontrat imzalanan Yusuf \u00d6zdemir, 2021-22 d\u00f6neminin ikinci yar\u0131s\u0131n\u0131 \u0130neg\u00f6lspor&#8217;da kiral\u0131k olarak ge\u00e7irmi\u015fti.<\/p>\n<p><strong>BU D\u00d6NEM 4 GOL TES\u0130R ETT\u0130<\/strong><\/p>\n<p> Bu d\u00f6nem toplam 22 ma\u00e7a \u00e7\u0131k\u0131p 1615 dakika alanda kalan Yusuf \u00d6zdemir 2 gol, 2 asistlik skor katk\u0131s\u0131 verdi.<\/p>\n<p> Yusuf \u00d6zdemir&#8217;in Alanyaspor ile 2027-28 d\u00f6nemi sonuna kadar mukavelesi bulunuyor.\u00a0<\/p>\n<div>\u00a0<\/div>\n<\/div>\n","protected":false},"excerpt":{"rendered":"<p>Eren Elmal\u0131 transferi i\u00e7in Trabzonspor&#8217;la anla\u015famayan Galatasaray, rotas\u0131n\u0131 alternatif isimlere k\u0131rd\u0131. Bu ba\u011flamda Galatasaray&#8217;\u0131n g\u00fcndemine, S\u00fcper Lig&#8217;de top ko\u015fturan sol bek Yusuf \u00d6zdemir girdi.<\/p>\n","protected":false},"author":1,"featured_media":15521,"comment_status":"open","ping_status":"open","sticky":false,"template":"","format":"standard","meta":{"footnotes":""},"categories":[25],"tags":[],"class_list":["post-15520","post","type-post","status-publish","format-standard","has-post-thumbnail","hentry","category-futbol"],"_links":{"self":[{"href":"https:\/\/haberbesiktas.tr\/index.php?rest_route=\/wp\/v2\/posts\/15520","targetHints":{"allow":["GET"]}}],"collection":[{"href":"https:\/\/haberbesiktas.tr\/index.php?rest_route=\/wp\/v2\/posts"}],"about":[{"href":"https:\/\/haberbesiktas.tr\/index.php?rest_route=\/wp\/v2\/types\/post"}],"author":[{"embeddable":true,"href":"https:\/\/haberbesiktas.tr\/index.php?rest_route=\/wp\/v2\/users\/1"}],"replies":[{"embeddable":true,"href":"https:\/\/haberbesiktas.tr\/index.php?rest_route=%2Fwp%2Fv2%2Fcomments&post=15520"}],"version-history":[{"count":1,"href":"https:\/\/haberbesiktas.tr\/index.php?rest_route=\/wp\/v2\/posts\/15520\/revisions"}],"predecessor-version":[{"id":15522,"href":"https:\/\/haberbesiktas.tr\/index.php?rest_route=\/wp\/v2\/posts\/15520\/revisions\/15522"}],"wp:featuredmedia":[{"embeddable":true,"href":"https:\/\/haberbesiktas.tr\/index.php?rest_route=\/wp\/v2\/media\/15521"}],"wp:attachment":[{"href":"https:\/\/haberbesiktas.tr\/index.php?rest_route=%2Fwp%2Fv2%2Fmedia&parent=15520"}],"wp:term":[{"taxonomy":"category","embeddable":true,"href":"https:\/\/haberbesiktas.tr\/index.php?rest_route=%2Fwp%2Fv2%2Fcategories&post=15520"},{"taxonomy":"post_tag","embeddable":true,"href":"https:\/\/haberbesiktas.tr\/index.php?rest_route=%2Fwp%2Fv2%2Ftags&post=15520"}],"curies":[{"name":"wp","href":"https:\/\/api.w.org\/{rel}","templated":true}]}}