{"id":15523,"date":"2025-03-08T14:36:06","date_gmt":"2025-03-08T14:36:06","guid":{"rendered":"https:\/\/haberbesiktas.tr\/?p=15523"},"modified":"2025-03-08T14:36:06","modified_gmt":"2025-03-08T14:36:06","slug":"galatasarayda-yusuf-demir-yonetimin-kafasini-karistirdi","status":"publish","type":"post","link":"https:\/\/haberbesiktas.tr\/?p=15523","title":{"rendered":"Galatasaray&#8217;da Yusuf Demir, y\u00f6netimin kafas\u0131n\u0131 kar\u0131\u015ft\u0131rd\u0131"},"content":{"rendered":"<div>\n<p>Galatasaray, Ziraat T\u00fcrkiye Kupas\u0131&#8217;n\u0131n 2. ma\u00e7\u0131nda deplasmanda Boluspor&#8217;u 4-1 ma\u011flup etti.<\/p>\n<p> Sar\u0131 k\u0131rm\u0131z\u0131l\u0131 tak\u0131mda yabanc\u0131 kontenjan\u0131nda yer a\u00e7mak gayesiyle gruptan ayr\u0131lmas\u0131 planlanan Yusuf Demir, Boluspor kar\u015f\u0131s\u0131nda g\u00f6sterdi\u011fi performansla dikkat \u00e7ekti.<\/p>\n<p> Morata ve Ahmed Kutucu&#8217;ya asist yaparken bir de gol atan 21 ya\u015f\u0131ndaki oyuncu, d\u00f6nemin ikinci yar\u0131s\u0131nda gruba yararl\u0131 olabilece\u011fini g\u00f6sterdi.<\/p>\n<p> \u00c7abay\u0131 1 gol ve 2 asistle tamamlayan Yusuf, bu muvaffakiyetinden \u00f6t\u00fcr\u00fc b\u00fcy\u00fck memnunluk duydu\u011funu ve m\u00fchlet ald\u0131k\u00e7a en yeterli performans\u0131n\u0131 sergilemeye \u00e7al\u0131\u015faca\u011f\u0131n\u0131 s\u00f6z etti.<\/p>\n<\/div>\n","protected":false},"excerpt":{"rendered":"<p>Galatasaray&#8217;\u0131n gen\u00e7 y\u0131ld\u0131z\u0131 Yusuf Demir, Boluspor kar\u015f\u0131s\u0131nda 1 gol ve 2 asistle g\u00f6z doldurdu, kadroya katk\u0131 sa\u011flayabilece\u011fini g\u00f6sterdi.<\/p>\n","protected":false},"author":1,"featured_media":15524,"comment_status":"open","ping_status":"open","sticky":false,"template":"","format":"standard","meta":{"footnotes":""},"categories":[25],"tags":[],"class_list":["post-15523","post","type-post","status-publish","format-standard","has-post-thumbnail","hentry","category-futbol"],"_links":{"self":[{"href":"https:\/\/haberbesiktas.tr\/index.php?rest_route=\/wp\/v2\/posts\/15523","targetHints":{"allow":["GET"]}}],"collection":[{"href":"https:\/\/haberbesiktas.tr\/index.php?rest_route=\/wp\/v2\/posts"}],"about":[{"href":"https:\/\/haberbesiktas.tr\/index.php?rest_route=\/wp\/v2\/types\/post"}],"author":[{"embeddable":true,"href":"https:\/\/haberbesiktas.tr\/index.php?rest_route=\/wp\/v2\/users\/1"}],"replies":[{"embeddable":true,"href":"https:\/\/haberbesiktas.tr\/index.php?rest_route=%2Fwp%2Fv2%2Fcomments&post=15523"}],"version-history":[{"count":1,"href":"https:\/\/haberbesiktas.tr\/index.php?rest_route=\/wp\/v2\/posts\/15523\/revisions"}],"predecessor-version":[{"id":15525,"href":"https:\/\/haberbesiktas.tr\/index.php?rest_route=\/wp\/v2\/posts\/15523\/revisions\/15525"}],"wp:featuredmedia":[{"embeddable":true,"href":"https:\/\/haberbesiktas.tr\/index.php?rest_route=\/wp\/v2\/media\/15524"}],"wp:attachment":[{"href":"https:\/\/haberbesiktas.tr\/index.php?rest_route=%2Fwp%2Fv2%2Fmedia&parent=15523"}],"wp:term":[{"taxonomy":"category","embeddable":true,"href":"https:\/\/haberbesiktas.tr\/index.php?rest_route=%2Fwp%2Fv2%2Fcategories&post=15523"},{"taxonomy":"post_tag","embeddable":true,"href":"https:\/\/haberbesiktas.tr\/index.php?rest_route=%2Fwp%2Fv2%2Ftags&post=15523"}],"curies":[{"name":"wp","href":"https:\/\/api.w.org\/{rel}","templated":true}]}}