{"id":1554,"date":"2025-01-06T18:42:46","date_gmt":"2025-01-06T18:42:46","guid":{"rendered":"https:\/\/haberbesiktas.tr\/?p=1554"},"modified":"2025-01-06T18:42:46","modified_gmt":"2025-01-06T18:42:46","slug":"besiktasta-rota-ahmed-kutucu","status":"publish","type":"post","link":"https:\/\/haberbesiktas.tr\/?p=1554","title":{"rendered":"Be\u015fikta\u015f&#8217;ta rota: Ahmed Kutucu!"},"content":{"rendered":"<div>Be\u015fikta\u015f&#8217;ta kadroyu g\u00fc\u00e7lendirmek ismine transferde hareketliklilik ya\u015fan\u0131yor.<\/p>\n<p>Bu d\u00f6nem g\u00f6sterdi\u011fi performansla dikkatleri \u00fczerine \u00e7eken Ahmed Kutucu, S\u00fcper Lig devlerini pe\u015fine takt\u0131. Gen\u00e7 futbolcu, Be\u015fikta\u015f&#8217;\u0131n yan\u0131 s\u0131ra Galatasaray, Fenerbah\u00e7e ve Trabzonspor&#8217;un da transfer listesine girdi.<\/p>\n<p><strong>BE\u015e\u0130KTA\u015e KOLLARI SIVADI!<br \/><\/strong><\/p>\n<p>H\u00fccum s\u0131n\u0131r\u0131nda \u0130mmobile&#8217;nin haricinde gen\u00e7 Semih ve Mustafa&#8217;n\u0131n haricinde alternatifi bulunmayan Be\u015fikta\u015f, orta transfer devrinde Ey\u00fcpspor&#8217;un y\u00fckselen bedeli Ahmed Kutucu&#8217;yu renklerine katmak i\u00e7in kollar\u0131 s\u0131vad\u0131.<\/p>\n<p><strong>BE\u015e\u0130KTA\u015e DAHA YAKIN<\/strong><\/p>\n<p> <span>Galatasaray ve Fenerbah\u00e7e&#8217;de forma giyme talihinin Be\u015fikta\u015f&#8217;a nazaran daha d\u00fc\u015f\u00fck ihtimal olmas\u0131 nedeniyle Ahmed&#8217;in de Be\u015fikta\u015f&#8217;\u0131 tercih edebilece\u011fi \u00f6\u011frenildi. Siyahbeyazl\u0131lar, orta transferde bir s\u00fcrprize imza at\u0131p iki ezeli rakibinin elinden gen\u00e7 forveti kapmay\u0131 planl\u0131yor.<\/p>\n<p><\/span><strong>PERFORMANSI<\/strong><\/p>\n<p>Bu d\u00f6nem Ey\u00fcpspor formas\u0131yla 18 ma\u00e7a \u00e7\u0131kan Kutucu, 8 gol 5 asistlik performans sergiledi.<\/p><\/div>\n","protected":false},"excerpt":{"rendered":"<p>Be\u015fikta\u015f idaresi, transferde Ey\u00fcpspor formas\u0131yla ola\u011fan\u00fcst\u00fc bir d\u00f6nem ge\u00e7iren Ahmed Kutucu&#8217;yu g\u00fcndemine ald\u0131.<\/p>\n","protected":false},"author":1,"featured_media":1555,"comment_status":"open","ping_status":"open","sticky":false,"template":"","format":"standard","meta":{"footnotes":""},"categories":[25],"tags":[71],"class_list":["post-1554","post","type-post","status-publish","format-standard","has-post-thumbnail","hentry","category-futbol","tag-besiktas"],"_links":{"self":[{"href":"https:\/\/haberbesiktas.tr\/index.php?rest_route=\/wp\/v2\/posts\/1554","targetHints":{"allow":["GET"]}}],"collection":[{"href":"https:\/\/haberbesiktas.tr\/index.php?rest_route=\/wp\/v2\/posts"}],"about":[{"href":"https:\/\/haberbesiktas.tr\/index.php?rest_route=\/wp\/v2\/types\/post"}],"author":[{"embeddable":true,"href":"https:\/\/haberbesiktas.tr\/index.php?rest_route=\/wp\/v2\/users\/1"}],"replies":[{"embeddable":true,"href":"https:\/\/haberbesiktas.tr\/index.php?rest_route=%2Fwp%2Fv2%2Fcomments&post=1554"}],"version-history":[{"count":1,"href":"https:\/\/haberbesiktas.tr\/index.php?rest_route=\/wp\/v2\/posts\/1554\/revisions"}],"predecessor-version":[{"id":1556,"href":"https:\/\/haberbesiktas.tr\/index.php?rest_route=\/wp\/v2\/posts\/1554\/revisions\/1556"}],"wp:featuredmedia":[{"embeddable":true,"href":"https:\/\/haberbesiktas.tr\/index.php?rest_route=\/wp\/v2\/media\/1555"}],"wp:attachment":[{"href":"https:\/\/haberbesiktas.tr\/index.php?rest_route=%2Fwp%2Fv2%2Fmedia&parent=1554"}],"wp:term":[{"taxonomy":"category","embeddable":true,"href":"https:\/\/haberbesiktas.tr\/index.php?rest_route=%2Fwp%2Fv2%2Fcategories&post=1554"},{"taxonomy":"post_tag","embeddable":true,"href":"https:\/\/haberbesiktas.tr\/index.php?rest_route=%2Fwp%2Fv2%2Ftags&post=1554"}],"curies":[{"name":"wp","href":"https:\/\/api.w.org\/{rel}","templated":true}]}}