{"id":1560,"date":"2025-01-06T19:18:44","date_gmt":"2025-01-06T19:18:44","guid":{"rendered":"https:\/\/haberbesiktas.tr\/?p=1560"},"modified":"2025-01-06T19:18:44","modified_gmt":"2025-01-06T19:18:44","slug":"galatasarayda-acil-transfer-karari","status":"publish","type":"post","link":"https:\/\/haberbesiktas.tr\/?p=1560","title":{"rendered":"Galatasaray&#8217;da acil transfer karar\u0131!"},"content":{"rendered":"<div>2024 y\u0131l\u0131nda \u00e7abucak hemen her istatistikte tepede yer alan Galatasaray neredeyse k\u0131r\u0131lmad\u0131k rekor b\u0131rakmad\u0131. 27 Ag\u0306ustos&#8217;taki Young Boys mac\u0327\u0131ndan sonra tam 21 mac\u0327t\u0131r bileg\u0306i bu\u0308ku\u0308lmu\u0308yor sar\u0131-k\u0131rm\u0131z\u0131l\u0131 grubun. Ayr\u0131yeten deplasmanda 16&#8217;da 16 yapt\u0131lar. Teknik Direkto\u0308r Okan Buruk da Su\u0308per Lig&#8217;de 75. galibiyete en s\u00fcratli ulas\u0327an teknik direkto\u0308r oldu.<\/p>\n<p> <strong>MADALYONUN BA\u015eKA Y\u00dcZ\u00dc<\/strong><\/p>\n<p> S\u00fcper Lig&#8217;de ac\u0327\u0131k orta tepede yer alan, Avrupa&#8217;da da son 8&#8217;e c\u0327ok yak\u0131n olan Galatasaray&#8217;da madalyonun dig\u0306er yu\u0308zu\u0308 Go\u0308ztepe mac\u0327\u0131nda ortaya c\u0327\u0131kt\u0131. 2-1&#8217;lik galibiyete rag\u0306men sergilenen futbol taraftarlar\u0131 huzursuz etti. <\/p>\n<p><strong>TEHL\u0130KE \u00c7ANLARI<\/strong><\/p>\n<p>Fernando Muslera&#8217;n\u0131n yan\u0131 s\u0131ra Lucas Torreira&#8217;da yas\u0327anan form du\u0308s\u0327u\u0308klu\u0308g\u0306u\u0308, savunmadaki aksakl\u0131klar, her mac\u0327 gol yenmesi, Gabriel Sara&#8217;ya c\u0327ok yu\u0308k binmesi tehlike c\u0327anlar\u0131n\u0131n erken c\u0327almas\u0131na neden oldu.<\/p>\n<p> <strong>OKAN BURUK DESTEK \u0130STED\u0130<\/strong><\/p>\n<p> Teknik direkto\u0308r Okan Buruk&#8217;un mac\u0327 sonras\u0131 ac\u0327\u0131klamalar\u0131 taraftar\u0131n korkusuna hak verir cinstendi. Tak\u0131mda eksiklerinin oldug\u0306unu lisana getiren bas\u0327ar\u0131l\u0131 c\u0327al\u0131s\u0327t\u0131r\u0131c\u0131, Avrupa gayesi dog\u0306rultusunda kesinlikle transfer yapmalar\u0131 gerektig\u0306ini vurgulad\u0131. Yo\u0308netimin at\u0131l\u0131mlar\u0131, Galatasaray&#8217;\u0131n hem Su\u0308per Lig&#8217;deki pozisyonunu pekis\u0327tirmesi hem de Avrupa&#8217;da istedig\u0306i bas\u0327ar\u0131y\u0131 yakalamas\u0131 ismine belirleyici olacak.<\/p>\n<\/div>\n","protected":false},"excerpt":{"rendered":"<p>Galatasaray&#8217;da bilhassa G\u00f6ztepe ma\u00e7\u0131nda oynanan oyunun akabinde acil transfer g\u00fcndeme geldi.<\/p>\n","protected":false},"author":1,"featured_media":1561,"comment_status":"open","ping_status":"open","sticky":false,"template":"","format":"standard","meta":{"footnotes":""},"categories":[25],"tags":[],"class_list":["post-1560","post","type-post","status-publish","format-standard","has-post-thumbnail","hentry","category-futbol"],"_links":{"self":[{"href":"https:\/\/haberbesiktas.tr\/index.php?rest_route=\/wp\/v2\/posts\/1560","targetHints":{"allow":["GET"]}}],"collection":[{"href":"https:\/\/haberbesiktas.tr\/index.php?rest_route=\/wp\/v2\/posts"}],"about":[{"href":"https:\/\/haberbesiktas.tr\/index.php?rest_route=\/wp\/v2\/types\/post"}],"author":[{"embeddable":true,"href":"https:\/\/haberbesiktas.tr\/index.php?rest_route=\/wp\/v2\/users\/1"}],"replies":[{"embeddable":true,"href":"https:\/\/haberbesiktas.tr\/index.php?rest_route=%2Fwp%2Fv2%2Fcomments&post=1560"}],"version-history":[{"count":1,"href":"https:\/\/haberbesiktas.tr\/index.php?rest_route=\/wp\/v2\/posts\/1560\/revisions"}],"predecessor-version":[{"id":1562,"href":"https:\/\/haberbesiktas.tr\/index.php?rest_route=\/wp\/v2\/posts\/1560\/revisions\/1562"}],"wp:featuredmedia":[{"embeddable":true,"href":"https:\/\/haberbesiktas.tr\/index.php?rest_route=\/wp\/v2\/media\/1561"}],"wp:attachment":[{"href":"https:\/\/haberbesiktas.tr\/index.php?rest_route=%2Fwp%2Fv2%2Fmedia&parent=1560"}],"wp:term":[{"taxonomy":"category","embeddable":true,"href":"https:\/\/haberbesiktas.tr\/index.php?rest_route=%2Fwp%2Fv2%2Fcategories&post=1560"},{"taxonomy":"post_tag","embeddable":true,"href":"https:\/\/haberbesiktas.tr\/index.php?rest_route=%2Fwp%2Fv2%2Ftags&post=1560"}],"curies":[{"name":"wp","href":"https:\/\/api.w.org\/{rel}","templated":true}]}}