{"id":15610,"date":"2025-03-08T20:12:06","date_gmt":"2025-03-08T20:12:06","guid":{"rendered":"https:\/\/haberbesiktas.tr\/?p=15610"},"modified":"2025-03-08T20:12:06","modified_gmt":"2025-03-08T20:12:06","slug":"boluda-okullar-tatil-mi-6-subat-yarin-boluda-okul-var-mi","status":"publish","type":"post","link":"https:\/\/haberbesiktas.tr\/?p=15610","title":{"rendered":"Bolu&#8217;da okullar tatil mi? 6 \u015eubat yar\u0131n Bolu&#8217;da okul var m\u0131?"},"content":{"rendered":"<div><span>Yar\u0131n okullar\u0131n tatil olup olmad\u0131\u011f\u0131 merak ediliyor. Kar ya\u011f\u0131\u015f\u0131 yurt genelinde tekrar tesirini g\u00f6stermeye ba\u015flad\u0131. Okullar\u0131n tatil olup olmad\u0131\u011f\u0131, 6 \u015eubat g\u00fcn\u00fc ile g\u00fcndeme geldi. \u00d6\u011frenciler art\u0131k yurt genelinde meydana gelen olumsuz hava \u015fartlar\u0131 nedeniyle, &#8220;Bolu&#8217;da yar\u0131n okullar tatil mi, okul var m\u0131?&#8221; sorular\u0131na cevap aramaya ba\u015flad\u0131.<\/span><\/p>\n<p><strong>6 \u015eubat:\u00a0BOLU&#8217;DA OKULLAR TAT\u0130L M\u0130?<\/strong><\/p>\n<p><span>Bolu&#8217;da yar\u0131n (6 \u015eubat) okullar\u0131n tatil olup olmayaca\u011f\u0131na ait \u015fimdi Bolu Valili\u011finden bir a\u00e7\u0131klama gelmedi.<\/span><\/p>\n<div><strong>G\u00dcM\u00dc\u015eHANE&#8217;DE OKULLAR TAT\u0130L M\u0130?<\/strong><\/p>\n<p><span>G\u00fcm\u00fc\u015fhane&#8217;de kar nedeniyle yar\u0131n t\u00fcm okullarda e\u011fitime orta verildi.<\/span><\/p>\n<p><strong>ORDU&#8217;DA OKULLAR TAT\u0130L M\u0130?<\/strong><\/p>\n<p><span>Ordu&#8217;nun 5 il\u00e7esinde yar\u0131n e\u011fitime orta verildi.<\/span><\/p>\n<p><span>Valilikten yap\u0131lan a\u00e7\u0131klamada, kentin y\u00fcksek k\u0131s\u0131mlar\u0131nda kar ya\u011f\u0131\u015f\u0131n\u0131n devam etti\u011fi, don ve buzlanma riski oldu\u011fu belirtildi.<\/span><\/p>\n<p><span>A\u00e7\u0131klamada, Aybast\u0131, G\u00f6lk\u00f6y, G\u00fcrgentepe, Korgan ve Mesudiye il\u00e7elerinin tamam\u0131nda okullarda e\u011fitime yar\u0131n i\u00e7in orta verildi\u011fi, Akku\u015f, \u00c7ama\u015f, \u00c7ayba\u015f\u0131, \u0130kizce, Kabad\u00fcz ve Ulubey il\u00e7elerinde ise birtak\u0131m okullarda e\u011fitime orta verildi\u011fi aktar\u0131ld\u0131.<\/span><\/p>\n<p><span>Tamamen yahut k\u0131smen e\u011fitime orta verilen il\u00e7elerdeki manisi ve gebe kamu vazifelilerinin de idari m\u00fcsaadeli say\u0131laca\u011f\u0131 kaydedildi.<\/span><\/p>\n<p><strong>NEV\u015eEH\u0130R&#8217;DE OKULLAR TAT\u0130L M\u0130?<\/strong><\/p>\n<p><span>Nev\u015fehir&#8217;de kar ya\u011f\u0131\u015f\u0131 ve olumsuz hava \u015fartlar\u0131 nedeniyle e\u011fitime yar\u0131n orta verildi.<\/span><\/p>\n<p><strong>ADANA&#8217;DA OKULLAR TAT\u0130L M\u0130?<\/strong><\/p>\n<p><span>Adana&#8217;n\u0131n Tufanbeyli il\u00e7esinde kar ya\u011f\u0131\u015f\u0131 nedeniyle ta\u015f\u0131mal\u0131 e\u011fitime yar\u0131n orta verildi.<\/span><\/p>\n<p><strong>S\u0130VAS&#8217;TA OKULLAR TAT\u0130L M\u0130?<\/strong><\/p>\n<p><span>Sivas&#8217;ta kar ya\u011f\u0131\u015f\u0131 nedeniyle vilayet genelinde yar\u0131n okullarda e\u011fitime orta verildi.<\/span><\/p>\n<p><span>Valilikten yap\u0131lan yaz\u0131l\u0131 a\u00e7\u0131klamada, meteorolojik bilgiler do\u011frultusunda, vilayet genelinde d\u00fcn ak\u015fam ba\u015flayan ve vakit zaman a\u011f\u0131r devam eden kar ya\u011f\u0131\u015f\u0131n\u0131n, ula\u015f\u0131mda aksama, buzlanma ve don \u00fczere aksiliklere neden olabilece\u011fi belirtildi.<\/span><\/p>\n<p><strong>HAKKAR\u0130&#8217;DE OKULLAR TAT\u0130L M\u0130?<br \/><\/strong><br \/><span>Hakkari merkez, Y\u00fcksekova ve \u015eemdinli il\u00e7elerinde olumsuz hava \u015fartlar\u0131 nedeniyle e\u011fitime yar\u0131n orta verildi.<\/span><\/p>\n<p><strong>KAYSER\u0130&#8217;DE OKULLAR TAT\u0130L M\u0130?<br \/><\/strong><br \/><span>Kayseri&#8217;de kar ya\u011f\u0131\u015f\u0131 ve olumsuz hava \u015fartlar\u0131 nedeniyle e\u011fitime yar\u0131n orta verildi.<\/span><\/p>\n<p><strong>N\u0130\u011eDE&#8217;DE OKULLAR TAT\u0130L M\u0130?<br \/><\/strong><br \/><span>Ni\u011fde&#8217;de kar ya\u011f\u0131\u015f\u0131 ve olumsuz hava \u015fartlar\u0131 nedeniyle e\u011fitime yar\u0131n orta verildi.<\/span><\/p>\n<p><\/div>\n<\/div>\n<div>Haber ile daha fazlas\u0131na ula\u015f\u0131n:<\/div>\n<div>G\u00fcndem<\/div>\n","protected":false},"excerpt":{"rendered":"<p>Bolu&#8217;da okullar tatil mi? 6 \u015eubat yar\u0131n Bolu&#8217;da okul var m\u0131? Bolu valili\u011finden a\u00e7\u0131klama var m\u0131? sorusunun yan\u0131t\u0131 vatanda\u015flar taraf\u0131ndan ara\u015ft\u0131r\u0131l\u0131yor. A\u011f\u0131r kar ya\u011f\u0131\u015f\u0131 ve olumsuz hava \u015fartlar\u0131 okullarda y\u00fcz y\u00fcze e\u011fitime mahzur oluyor. Bir\u00e7ok vilayette sa\u011fanak ya\u011f\u0131\u015f, f\u0131rt\u0131na ve kar tesirli oldu. Olumsuz hava \u015fartlar\u0131 nedeniyle 6 vilayette kent genelinde 3 ilin de birtak\u0131m il\u00e7elerinde e\u011fitime orta verildi. \u00d6\u011frenciler ise &#8216;okul var m\u0131, bug\u00fcn okullar tatil mi?&#8217; sorular\u0131n\u0131 y\u00f6neltiyor. \u0130\u015fte kar nedeniyle okullar\u0131n tatil oldu\u011fu vilayet ve il\u00e7eler\u2026<\/p>\n","protected":false},"author":1,"featured_media":15611,"comment_status":"open","ping_status":"open","sticky":false,"template":"","format":"standard","meta":{"footnotes":""},"categories":[10],"tags":[1670,1669,1668,1667],"class_list":["post-15610","post","type-post","status-publish","format-standard","has-post-thumbnail","hentry","category-basketbol","tag-egitime-ara","tag-kar-yagisi","tag-okullar","tag-okullar-tatil-mi"],"_links":{"self":[{"href":"https:\/\/haberbesiktas.tr\/index.php?rest_route=\/wp\/v2\/posts\/15610","targetHints":{"allow":["GET"]}}],"collection":[{"href":"https:\/\/haberbesiktas.tr\/index.php?rest_route=\/wp\/v2\/posts"}],"about":[{"href":"https:\/\/haberbesiktas.tr\/index.php?rest_route=\/wp\/v2\/types\/post"}],"author":[{"embeddable":true,"href":"https:\/\/haberbesiktas.tr\/index.php?rest_route=\/wp\/v2\/users\/1"}],"replies":[{"embeddable":true,"href":"https:\/\/haberbesiktas.tr\/index.php?rest_route=%2Fwp%2Fv2%2Fcomments&post=15610"}],"version-history":[{"count":1,"href":"https:\/\/haberbesiktas.tr\/index.php?rest_route=\/wp\/v2\/posts\/15610\/revisions"}],"predecessor-version":[{"id":15612,"href":"https:\/\/haberbesiktas.tr\/index.php?rest_route=\/wp\/v2\/posts\/15610\/revisions\/15612"}],"wp:featuredmedia":[{"embeddable":true,"href":"https:\/\/haberbesiktas.tr\/index.php?rest_route=\/wp\/v2\/media\/15611"}],"wp:attachment":[{"href":"https:\/\/haberbesiktas.tr\/index.php?rest_route=%2Fwp%2Fv2%2Fmedia&parent=15610"}],"wp:term":[{"taxonomy":"category","embeddable":true,"href":"https:\/\/haberbesiktas.tr\/index.php?rest_route=%2Fwp%2Fv2%2Fcategories&post=15610"},{"taxonomy":"post_tag","embeddable":true,"href":"https:\/\/haberbesiktas.tr\/index.php?rest_route=%2Fwp%2Fv2%2Ftags&post=15610"}],"curies":[{"name":"wp","href":"https:\/\/api.w.org\/{rel}","templated":true}]}}