{"id":15625,"date":"2025-03-08T21:12:07","date_gmt":"2025-03-08T21:12:07","guid":{"rendered":"https:\/\/haberbesiktas.tr\/?p=15625"},"modified":"2025-03-08T21:12:07","modified_gmt":"2025-03-08T21:12:07","slug":"zonguldakta-yarin-okullar-tatil-mi-6-subat-zonguldakta-okullar-tatil-mi","status":"publish","type":"post","link":"https:\/\/haberbesiktas.tr\/?p=15625","title":{"rendered":"Zonguldak&#8217;ta yar\u0131n okullar tatil mi? 6 \u015eubat Zonguldak&#8217;ta okullar tatil mi?"},"content":{"rendered":"<div>Yar\u0131n Zonguldak&#8217;ta okullar\u0131n tatil olup olmad\u0131\u011f\u0131 merak ediliyor. Kar ya\u011f\u0131\u015f\u0131 yurt genelinde tekrar tesirini g\u00f6stermeye ba\u015flad\u0131. Okullar\u0131n tatil olup olmad\u0131\u011f\u0131, 6 \u015eubat g\u00fcn\u00fc ile g\u00fcndeme geldi. \u00d6\u011frenciler art\u0131k yurt genelinde meydana gelen olumsuz hava \u015fartlar\u0131 nedeniyle, &#8220;Zonguldak&#8217;ta yar\u0131n okullar tatil mi, okul var m\u0131?&#8221; sorular\u0131na kar\u015f\u0131l\u0131k aramaya ba\u015flad\u0131.<\/p>\n<p><strong>6 \u015eUBAT:\u00a0ZONGULDAK&#8217;TA YARIN OKULLAR TAT\u0130L M\u0130?<\/strong><\/p>\n<p><span>Zonguldak Valisi Osman Hac\u0131bekta\u015fo\u011flu, kentte tesirli olan kar nedeniyle e\u011fitim \u00f6\u011fretime 1 g\u00fcn orta verildi\u011fini bildirdi.<\/span><\/p>\n<p><span>Hac\u0131bekta\u015fo\u011flu, toplumsal medya hesab\u0131ndan yapt\u0131\u011f\u0131 payla\u015f\u0131mda, kent genelinde tesirli olan a\u011f\u0131r kar ve buzlanma riski nedeniyle, meteorolojik iddialar do\u011frultusunda vatanda\u015flar\u0131n g\u00fcvenli\u011fi i\u00e7in kimi \u00f6nlemler al\u0131nd\u0131\u011f\u0131n\u0131 belirtti.<\/span><\/p>\n<p><span>Tahminlere nazaran, yar\u0131n da aral\u0131klarla devam edecek kar ya\u011f\u0131\u015f\u0131n\u0131n, vakit zaman kuvvetlenerek ak\u015fama kadar tesirini s\u00fcrd\u00fcrece\u011fini aktaran Hac\u0131bekta\u015fo\u011flu, \u015funlar\u0131 kaydetti:<\/span><\/p>\n<p><span>&#8220;Bu kapsamda yar\u0131n vilayetimizdeki resmi ve \u00f6zel t\u00fcm \u00f6rg\u00fcn ve yayg\u0131n e\u011fitim kurumlar\u0131nda, rehabilitasyon merkezlerinde e\u011fitime 1 g\u00fcn m\u00fchletle orta verilmi\u015ftir. Ayr\u0131yeten kamu kurumlar\u0131nda misyon yapan gebe i\u015f\u00e7i, engelli \u00e7al\u0131\u015fanlar, \u00e7ocu\u011fu kre\u015f yahut anaokuluna devam eden anneler ile kronik rahats\u0131zl\u0131\u011f\u0131 bulunan kamu vazifelileri 1 g\u00fcn idari m\u00fcsaadeli say\u0131lacakt\u0131r.&#8221;<\/span><\/p>\n<p><span>Hac\u0131bekta\u015fo\u011flu, olumsuz hava \u015fartlar\u0131na kar\u015f\u0131 t\u00fcm vatanda\u015flar\u0131n dikkatli olmas\u0131n\u0131, zarur\u00ee olmad\u0131k\u00e7a trafi\u011fe \u00e7\u0131kmamas\u0131n\u0131 ve yetkili kurumlar\u0131n ihtarlar\u0131n\u0131 takip etmesini istedi.<\/span><\/p>\n<div><strong>G\u00dcM\u00dc\u015eHANE&#8217;DE OKULLAR TAT\u0130L M\u0130?<\/strong><\/p>\n<p>G\u00fcm\u00fc\u015fhane&#8217;de kar nedeniyle yar\u0131n t\u00fcm okullarda e\u011fitime orta verildi.<\/p>\n<p><strong>ORDU&#8217;DA OKULLAR TAT\u0130L M\u0130?<\/strong><\/p>\n<p>Ordu&#8217;nun 5 il\u00e7esinde yar\u0131n e\u011fitime orta verildi.<\/p>\n<p>Valilikten yap\u0131lan a\u00e7\u0131klamada, kentin y\u00fcksek kesitlerinde kar ya\u011f\u0131\u015f\u0131n\u0131n devam etti\u011fi, don ve buzlanma riski oldu\u011fu belirtildi.<\/p>\n<p>A\u00e7\u0131klamada, Aybast\u0131, G\u00f6lk\u00f6y, G\u00fcrgentepe, Korgan ve Mesudiye il\u00e7elerinin tamam\u0131nda okullarda e\u011fitime yar\u0131n i\u00e7in orta verildi\u011fi, Akku\u015f, \u00c7ama\u015f, \u00c7ayba\u015f\u0131, \u0130kizce, Kabad\u00fcz ve Ulubey il\u00e7elerinde ise kimi okullarda e\u011fitime orta verildi\u011fi aktar\u0131ld\u0131.<\/p>\n<p>Tamamen yahut k\u0131smen e\u011fitime orta verilen il\u00e7elerdeki manisi ve gebe kamu vazifelilerinin de idari m\u00fcsaadeli say\u0131laca\u011f\u0131 kaydedildi.<\/p>\n<p><strong>NEV\u015eEH\u0130R&#8217;DE OKULLAR TAT\u0130L M\u0130?<\/strong><\/p>\n<p>Nev\u015fehir&#8217;de kar ya\u011f\u0131\u015f\u0131 ve olumsuz hava \u015fartlar\u0131 nedeniyle e\u011fitime yar\u0131n orta verildi.<\/p>\n<p><strong>ADANA&#8217;DA OKULLAR TAT\u0130L M\u0130?<\/strong><\/p>\n<p>Adana&#8217;n\u0131n Tufanbeyli il\u00e7esinde kar ya\u011f\u0131\u015f\u0131 nedeniyle ta\u015f\u0131mal\u0131 e\u011fitime yar\u0131n orta verildi.<\/p>\n<p><strong>S\u0130VAS&#8217;TA OKULLAR TAT\u0130L M\u0130?<\/strong><\/p>\n<p>Sivas&#8217;ta kar ya\u011f\u0131\u015f\u0131 nedeniyle vilayet genelinde yar\u0131n okullarda e\u011fitime orta verildi.<\/p>\n<p>Valilikten yap\u0131lan yaz\u0131l\u0131 a\u00e7\u0131klamada, meteorolojik bilgiler do\u011frultusunda, vilayet genelinde d\u00fcn ak\u015fam ba\u015flayan ve vakit zaman a\u011f\u0131r devam eden kar ya\u011f\u0131\u015f\u0131n\u0131n, ula\u015f\u0131mda aksama, buzlanma ve don \u00fczere aksiliklere neden olabilece\u011fi belirtildi.<\/p>\n<p><strong>HAKKAR\u0130&#8217;DE OKULLAR TAT\u0130L M\u0130?<br \/><\/strong><br \/>Hakkari merkez, Y\u00fcksekova ve \u015eemdinli il\u00e7elerinde olumsuz hava \u015fartlar\u0131 nedeniyle e\u011fitime yar\u0131n orta verildi.<\/p>\n<p><strong>KAYSER\u0130&#8217;DE OKULLAR TAT\u0130L M\u0130?<br \/><\/strong><br \/>Kayseri&#8217;de kar ya\u011f\u0131\u015f\u0131 ve olumsuz hava \u015fartlar\u0131 nedeniyle e\u011fitime yar\u0131n orta verildi.<\/p>\n<p><strong>N\u0130\u011eDE&#8217;DE OKULLAR TAT\u0130L M\u0130?<br \/><\/strong><br \/>Ni\u011fde&#8217;de kar ya\u011f\u0131\u015f\u0131 ve olumsuz hava \u015fartlar\u0131 nedeniyle e\u011fitime yar\u0131n orta verildi.<\/div>\n<\/div>\n<div>Haber ile daha fazlas\u0131na ula\u015f\u0131n:<\/div>\n<div>G\u00fcndem<\/div>\n","protected":false},"excerpt":{"rendered":"<p>Zonguldak&#8217;ta okullar tatil mi? 6 \u015eubat yar\u0131n Zonguldak&#8217;ta okul var m\u0131? Zonguldak valili\u011finden a\u00e7\u0131klama var m\u0131? sorusunun yan\u0131t\u0131 vatanda\u015flar taraf\u0131ndan ara\u015ft\u0131r\u0131l\u0131yor. A\u011f\u0131r kar ya\u011f\u0131\u015f\u0131 ve olumsuz hava \u015fartlar\u0131 okullarda y\u00fcz y\u00fcze e\u011fitime p\u00fcr\u00fcz oluyor. Bir\u00e7ok vilayette sa\u011fanak ya\u011f\u0131\u015f, f\u0131rt\u0131na ve kar tesirli oldu. Olumsuz hava \u015fartlar\u0131 nedeniyle 6 vilayette kent genelinde 3 ilin de birtak\u0131m il\u00e7elerinde e\u011fitime orta verildi. \u00d6\u011frenciler ise &#8216; Zonguldak&#8217;ta okul var m\u0131, bug\u00fcn okullar tatil mi?&#8217; sorular\u0131n\u0131 y\u00f6neltiyor. \u0130\u015fte kar nedeniyle okullar\u0131n tatil oldu\u011fu vilayet ve il\u00e7eler\u2026<\/p>\n","protected":false},"author":1,"featured_media":15626,"comment_status":"open","ping_status":"open","sticky":false,"template":"","format":"standard","meta":{"footnotes":""},"categories":[10],"tags":[1672,107,1669,1668,1667],"class_list":["post-15625","post","type-post","status-publish","format-standard","has-post-thumbnail","hentry","category-basketbol","tag-genelinde","tag-gun","tag-kar-yagisi","tag-okullar","tag-okullar-tatil-mi"],"_links":{"self":[{"href":"https:\/\/haberbesiktas.tr\/index.php?rest_route=\/wp\/v2\/posts\/15625","targetHints":{"allow":["GET"]}}],"collection":[{"href":"https:\/\/haberbesiktas.tr\/index.php?rest_route=\/wp\/v2\/posts"}],"about":[{"href":"https:\/\/haberbesiktas.tr\/index.php?rest_route=\/wp\/v2\/types\/post"}],"author":[{"embeddable":true,"href":"https:\/\/haberbesiktas.tr\/index.php?rest_route=\/wp\/v2\/users\/1"}],"replies":[{"embeddable":true,"href":"https:\/\/haberbesiktas.tr\/index.php?rest_route=%2Fwp%2Fv2%2Fcomments&post=15625"}],"version-history":[{"count":1,"href":"https:\/\/haberbesiktas.tr\/index.php?rest_route=\/wp\/v2\/posts\/15625\/revisions"}],"predecessor-version":[{"id":15627,"href":"https:\/\/haberbesiktas.tr\/index.php?rest_route=\/wp\/v2\/posts\/15625\/revisions\/15627"}],"wp:featuredmedia":[{"embeddable":true,"href":"https:\/\/haberbesiktas.tr\/index.php?rest_route=\/wp\/v2\/media\/15626"}],"wp:attachment":[{"href":"https:\/\/haberbesiktas.tr\/index.php?rest_route=%2Fwp%2Fv2%2Fmedia&parent=15625"}],"wp:term":[{"taxonomy":"category","embeddable":true,"href":"https:\/\/haberbesiktas.tr\/index.php?rest_route=%2Fwp%2Fv2%2Fcategories&post=15625"},{"taxonomy":"post_tag","embeddable":true,"href":"https:\/\/haberbesiktas.tr\/index.php?rest_route=%2Fwp%2Fv2%2Ftags&post=15625"}],"curies":[{"name":"wp","href":"https:\/\/api.w.org\/{rel}","templated":true}]}}