{"id":15628,"date":"2025-03-08T21:24:06","date_gmt":"2025-03-08T21:24:06","guid":{"rendered":"https:\/\/haberbesiktas.tr\/?p=15628"},"modified":"2025-03-08T21:24:06","modified_gmt":"2025-03-08T21:24:06","slug":"duzcede-okullar-tatil-mi-6-subat-yarin-duzcede-okul-var-mi","status":"publish","type":"post","link":"https:\/\/haberbesiktas.tr\/?p=15628","title":{"rendered":"D\u00fczce&#8217;de okullar tatil mi? 6 \u015eubat yar\u0131n D\u00fczce&#8217;de okul var m\u0131?"},"content":{"rendered":"<div>\n<p>\u00a0 <\/p>\n<p>\u00a0<\/p>\n<p><span>Yar\u0131n okullar\u0131n tatil olup olmad\u0131\u011f\u0131 merak ediliyor. Kar ya\u011f\u0131\u015f\u0131 yurt genelinde tekrar tesirini g\u00f6stermeye ba\u015flad\u0131. Okullar\u0131n tatil olup olmad\u0131\u011f\u0131, 6 \u015eubat g\u00fcn\u00fc ile g\u00fcndeme geldi. \u00d6\u011frenciler art\u0131k yurt genelinde meydana gelen olumsuz hava \u015fartlar\u0131 nedeniyle, &#8220;D\u00fczce&#8217;de yar\u0131n okullar tatil mi, okul var m\u0131i?&#8221; sorular\u0131na kar\u015f\u0131l\u0131k aramaya ba\u015flad\u0131.<\/span><\/p>\n<p><strong>6 \u015eUBAT: YARIN D\u00dcZCE OKULLAR TAT\u0130L M\u0130?\u00a0<\/strong><\/p>\n<p><span>D\u00fczce&#8217;de yar\u0131n (6 \u015eubat) okullar\u0131n tatil olup olmayaca\u011f\u0131na ait \u015fimdi D\u00fczce Valili\u011finden bir a\u00e7\u0131klama gelmedi.<\/span><\/p>\n<\/div>\n<div>Haber ile daha fazlas\u0131na ula\u015f\u0131n:<\/div>\n<div>G\u00fcndem<\/div>\n","protected":false},"excerpt":{"rendered":"<p>D\u00fczce&#8217;de okullar tatil mi? 6 \u015eubat yar\u0131n D\u00fczce&#8217;de okul var m\u0131? D\u00fczce valili\u011finden a\u00e7\u0131klama var m\u0131? sorusunun kar\u015f\u0131l\u0131\u011f\u0131 vatanda\u015flar taraf\u0131ndan ara\u015ft\u0131r\u0131l\u0131yor. A\u011f\u0131r kar ya\u011f\u0131\u015f\u0131 ve olumsuz hava \u015fartlar\u0131 okullarda y\u00fcz y\u00fcze e\u011fitime mani oluyor. Bir\u00e7ok vilayette sa\u011fanak ya\u011f\u0131\u015f, f\u0131rt\u0131na ve kar tesirli oldu. Olumsuz hava \u015fartlar\u0131 nedeniyle 6 vilayette kent genelinde 3 ilin de kimi il\u00e7elerinde e\u011fitime orta verildi. \u00d6\u011frenciler ise &#8216;okul var m\u0131, bug\u00fcn okullar tatil mi?&#8217; sorular\u0131n\u0131 y\u00f6neltiyor. \u0130\u015fte kar nedeniyle okullar\u0131n tatil oldu\u011fu vilayet ve il\u00e7eler\u2026<\/p>\n","protected":false},"author":1,"featured_media":15629,"comment_status":"open","ping_status":"open","sticky":false,"template":"","format":"standard","meta":{"footnotes":""},"categories":[10],"tags":[1668,1673],"class_list":["post-15628","post","type-post","status-publish","format-standard","has-post-thumbnail","hentry","category-basketbol","tag-okullar","tag-tatil"],"_links":{"self":[{"href":"https:\/\/haberbesiktas.tr\/index.php?rest_route=\/wp\/v2\/posts\/15628","targetHints":{"allow":["GET"]}}],"collection":[{"href":"https:\/\/haberbesiktas.tr\/index.php?rest_route=\/wp\/v2\/posts"}],"about":[{"href":"https:\/\/haberbesiktas.tr\/index.php?rest_route=\/wp\/v2\/types\/post"}],"author":[{"embeddable":true,"href":"https:\/\/haberbesiktas.tr\/index.php?rest_route=\/wp\/v2\/users\/1"}],"replies":[{"embeddable":true,"href":"https:\/\/haberbesiktas.tr\/index.php?rest_route=%2Fwp%2Fv2%2Fcomments&post=15628"}],"version-history":[{"count":1,"href":"https:\/\/haberbesiktas.tr\/index.php?rest_route=\/wp\/v2\/posts\/15628\/revisions"}],"predecessor-version":[{"id":15630,"href":"https:\/\/haberbesiktas.tr\/index.php?rest_route=\/wp\/v2\/posts\/15628\/revisions\/15630"}],"wp:featuredmedia":[{"embeddable":true,"href":"https:\/\/haberbesiktas.tr\/index.php?rest_route=\/wp\/v2\/media\/15629"}],"wp:attachment":[{"href":"https:\/\/haberbesiktas.tr\/index.php?rest_route=%2Fwp%2Fv2%2Fmedia&parent=15628"}],"wp:term":[{"taxonomy":"category","embeddable":true,"href":"https:\/\/haberbesiktas.tr\/index.php?rest_route=%2Fwp%2Fv2%2Fcategories&post=15628"},{"taxonomy":"post_tag","embeddable":true,"href":"https:\/\/haberbesiktas.tr\/index.php?rest_route=%2Fwp%2Fv2%2Ftags&post=15628"}],"curies":[{"name":"wp","href":"https:\/\/api.w.org\/{rel}","templated":true}]}}