{"id":15634,"date":"2025-03-08T21:48:05","date_gmt":"2025-03-08T21:48:05","guid":{"rendered":"https:\/\/haberbesiktas.tr\/?p=15634"},"modified":"2025-03-08T21:48:05","modified_gmt":"2025-03-08T21:48:05","slug":"gursoy-yalcin-neden-oldu-kimdir-sergen-yalcinin-kardesi-hayatini-kaybetti","status":"publish","type":"post","link":"https:\/\/haberbesiktas.tr\/?p=15634","title":{"rendered":"G\u00fcrsoy Yal\u00e7\u0131n neden \u00f6ld\u00fc, kimdir? Sergen Yal\u00e7\u0131n&#8217;\u0131n karde\u015fi hayat\u0131n\u0131 kaybetti"},"content":{"rendered":"<div><span>Sergen Yal\u00e7\u0131n&#8217;\u0131n karde\u015fi G\u00fcrsoy Yal\u00e7\u0131n&#8217;\u0131n vefat haberi, spor toplulu\u011funu derinden \u00fczd\u00fc. G\u00fcrsoy Yal\u00e7\u0131n vefat nedeni ve kim oldu\u011fu merak ediliyor.<\/span><\/p>\n<p><strong>G\u00dcRSOY YAL\u00c7IN \u00d6LD\u00dc M\u00dc?<br \/><\/strong><br \/><span>G\u00fcrsoy Yal\u00e7\u0131n hayat\u0131n\u0131 kaybetti. Buac\u0131 haber, futbol toplulu\u011fu ile sevenleri taraf\u0131ndan b\u00fcy\u00fck kederle kar\u015f\u0131land\u0131. G\u00fcrsoy Yal\u00e7\u0131n, bilhassa Be\u015fikta\u015f ve \u00f6b\u00fcr kul\u00fcplerdeki futbolculuk ve scoutluk mesle\u011fiyle tan\u0131nan bir isimdi.<br \/><\/span><br \/><strong>G\u00dcRSOY YAL\u00c7IN NEDEN \u00d6LD\u00dc?<br \/><\/strong><br \/><span>G\u00fcrsoy Yal\u00e7\u0131n&#8217;\u0131n uzun m\u00fcddettir tedavi g\u00f6rd\u00fc\u011f\u00fc \u00f6\u011frenildi. Kanser tedavisi g\u00f6ren G\u00fcrsoy Yal\u00e7\u0131n&#8217;\u0131n 2 bu\u00e7uk y\u0131ld\u0131r hastal\u0131kla sava\u015ft\u0131\u011f\u0131 ve bir m\u00fcddettir a\u011f\u0131r bak\u0131mda tedavi g\u00f6rd\u00fc\u011f\u00fc biliniyordu.<\/span><\/p>\n<p><span>Be\u015fikta\u015f, Yal\u00e7\u0131n&#8217;\u0131n vefat haberini,<\/span><\/p>\n<p><span>&#8220;Futbol A Grubumuzun 2020-21 sezonunda kazand\u0131\u011f\u0131 lig ve kupa \u015fampiyonlu\u011funda hisse sahibi olan, eski futbolcumuz ve teknik y\u00f6neticimiz Sergen Yal\u00e7\u0131n&#8217;\u0131n karde\u015fi G\u00fcrsoy Yal\u00e7\u0131n&#8217;\u0131n vefat etti\u011fini derin bir \u0131st\u0131rapla \u00f6\u011frenmi\u015f bulunmaktay\u0131z.<\/span><\/p>\n<p><span>Merhuma Allah&#8217;tan rahmet; Sergen Yal\u00e7\u0131n&#8217;a, ailesine, sevenlerine ve toplulu\u011fumuza ba\u015fsa\u011fl\u0131\u011f\u0131 dileriz.&#8221; kelamlar\u0131yla duyurdu.<\/span><\/div>\n<div>Haber ile daha fazlas\u0131na ula\u015f\u0131n:<\/div>\n<div>G\u00fcndem<\/div>\n","protected":false},"excerpt":{"rendered":"<p>Eski futbolcu ve Teknik y\u00f6netici Sergen Yal\u00e7\u0131n&#8217;\u0131n karde\u015fi G\u00fcrsoy Yal\u00e7\u0131n, uzun m\u00fcddettir u\u011fra\u015f etti\u011fi hastal\u0131k nedeniyle hayat\u0131n\u0131 kaybetti. G\u00fcrsoy Yal\u00e7\u0131n, futbol d\u00fcnyas\u0131nda k\u0131ymetli izler b\u0131rakm\u0131\u015f bir isim.<\/p>\n","protected":false},"author":1,"featured_media":15635,"comment_status":"open","ping_status":"open","sticky":false,"template":"","format":"standard","meta":{"footnotes":""},"categories":[10],"tags":[1676],"class_list":["post-15634","post","type-post","status-publish","format-standard","has-post-thumbnail","hentry","category-basketbol","tag-gursoy-yalcin"],"_links":{"self":[{"href":"https:\/\/haberbesiktas.tr\/index.php?rest_route=\/wp\/v2\/posts\/15634","targetHints":{"allow":["GET"]}}],"collection":[{"href":"https:\/\/haberbesiktas.tr\/index.php?rest_route=\/wp\/v2\/posts"}],"about":[{"href":"https:\/\/haberbesiktas.tr\/index.php?rest_route=\/wp\/v2\/types\/post"}],"author":[{"embeddable":true,"href":"https:\/\/haberbesiktas.tr\/index.php?rest_route=\/wp\/v2\/users\/1"}],"replies":[{"embeddable":true,"href":"https:\/\/haberbesiktas.tr\/index.php?rest_route=%2Fwp%2Fv2%2Fcomments&post=15634"}],"version-history":[{"count":1,"href":"https:\/\/haberbesiktas.tr\/index.php?rest_route=\/wp\/v2\/posts\/15634\/revisions"}],"predecessor-version":[{"id":15636,"href":"https:\/\/haberbesiktas.tr\/index.php?rest_route=\/wp\/v2\/posts\/15634\/revisions\/15636"}],"wp:featuredmedia":[{"embeddable":true,"href":"https:\/\/haberbesiktas.tr\/index.php?rest_route=\/wp\/v2\/media\/15635"}],"wp:attachment":[{"href":"https:\/\/haberbesiktas.tr\/index.php?rest_route=%2Fwp%2Fv2%2Fmedia&parent=15634"}],"wp:term":[{"taxonomy":"category","embeddable":true,"href":"https:\/\/haberbesiktas.tr\/index.php?rest_route=%2Fwp%2Fv2%2Fcategories&post=15634"},{"taxonomy":"post_tag","embeddable":true,"href":"https:\/\/haberbesiktas.tr\/index.php?rest_route=%2Fwp%2Fv2%2Ftags&post=15634"}],"curies":[{"name":"wp","href":"https:\/\/api.w.org\/{rel}","templated":true}]}}