{"id":15637,"date":"2025-03-08T22:00:06","date_gmt":"2025-03-08T22:00:06","guid":{"rendered":"https:\/\/haberbesiktas.tr\/?p=15637"},"modified":"2025-03-08T22:00:06","modified_gmt":"2025-03-08T22:00:06","slug":"bugun-kar-yagacak-mi-var-mi-istanbula-kar-yagacak-mi","status":"publish","type":"post","link":"https:\/\/haberbesiktas.tr\/?p=15637","title":{"rendered":"Bug\u00fcn kar ya\u011facak m\u0131, var m\u0131? \u0130stanbul&#8217;a kar ya\u011facak m\u0131?"},"content":{"rendered":"<div><span>Sibiryadan gelen so\u011fuk hava dalgas\u0131 \u0130stanbul&#8217;a d\u00fcn \u00f6\u011flen saatlerine giri\u015f yapt\u0131. Kar ya\u011f\u0131\u015f\u0131 kentin y\u00fcksek b\u00f6l\u00fcmlerinde tesirli olurken deniz d\u00fczeyine yak\u0131n il\u00e7elerde sulu kar halinde y\u00fcz\u00fcn\u00fc g\u00f6sterdi. \u0130stanbul&#8217;un kimi noktalar\u0131nda kent beyaza b\u00fcr\u00fcnd\u00fc. Kar ya\u011f\u0131\u015f\u0131 gece de aral\u0131klarla tesirli oldu. Bilhassa y\u00fcksek kesitlerde a\u011f\u0131r \u015fekidle kar ya\u011f\u0131\u015f\u0131 g\u00f6r\u00fcld\u00fc.<\/span><\/p>\n<p><span>\u0130BB&#8217;den yap\u0131lan a\u00e7\u0131klamada, AKOM&#8217;da, belediye \u00fcnitelerinin yan\u0131 s\u0131ra Emniyet, Jandarma, Karayollar\u0131, \u0130CA, KMO, \u0130GA ve BEDA\u015e olmak \u00fczere 28 \u00fcnite temsilcisiyle olumsuz hava \u015fartlar\u0131na kar\u015f\u0131 uyum \u00e7al\u0131\u015fmalar\u0131 y\u00fcr\u00fct\u00fcld\u00fc\u011f\u00fc belirtildi.<\/span><\/p>\n<p><span>\u0130stanbul&#8217;da bug\u00fcn de sulu akr ve kar formunda olan ya\u011f\u0131\u015f orta kuvvetli olarak s\u00fcrecek. Hissedilen s\u0131cakl\u0131k r\u00fczgar\u0131n tesiriyle eksi 2 derece olacak.<\/span><\/p>\n<p><strong>KAR YA\u011eI\u015eI NE KADAR S\u00dcRECEK?<\/strong><br \/><span>\u0130stanbul B\u00fcy\u00fck\u015fehir Belediyesi (\u0130BB) Afet Uyum Merkezi (AKOM), kentte kar ya\u011f\u0131\u015f\u0131n\u0131n cuma sabah\u0131na kadar yer yer kuvvetli kar sa\u011fanaklar\u0131 bi\u00e7iminde devam etmesinin \u00f6ng\u00f6r\u00fcld\u00fc\u011f\u00fcn\u00fc bildirdi.<\/span><\/p>\n<p><strong>\u0130SK\u0130&#8217;DEN MESAJ<\/strong><br \/><span>\u0130SK\u0130&#8217;den ise \u0130stanbullulara sms g\u00f6nderildi.<\/span><\/p>\n<p><span>Mesajda &#8220;\u0130stanbul&#8217;da tesirli olacak so\u011fuk hava dalgas\u0131 sebebiyle donmadan kaynaklanabilecek ar\u0131zalar\u0131n \u00f6nlenmesi i\u00e7in, a\u00e7\u0131kta bulunan su borular\u0131 ve saya\u00e7lar, so\u011fuk havayla temas etmeyecek bi\u00e7imde kapat\u0131lmal\u0131 ve yal\u0131t\u0131m gereci ile izole edilmelidir.&#8221; denildi.<\/span><\/p>\n<p><span>A\u00e7\u0131klamada, al\u0131nacak kolay \u00f6nlemlerle ya\u015fanmas\u0131 m\u00fcmk\u00fcn sorunlar\u0131n \u00f6n\u00fcne ge\u00e7ilebilece\u011finin unutulmamas\u0131 vurguland\u0131.<\/span><\/p>\n<p><strong>17 V\u0130LAYET \u0130\u00c7\u0130N SARI KODLU UYARI<\/strong><br \/><span>Meteoroloji Genel M\u00fcd\u00fcrl\u00fc\u011f\u00fc taraf\u0131ndan bug\u00fcn 17 vilayet i\u00e7in sar\u0131 kodlu kar ya\u011f\u0131\u015f\u0131 ve f\u0131rt\u0131na uyar\u0131s\u0131 yap\u0131ld\u0131.<\/span><\/div>\n<div>Haber ile daha fazlas\u0131na ula\u015f\u0131n:<\/div>\n<div>G\u00fcndem<\/div>\n","protected":false},"excerpt":{"rendered":"<p>Yurtta bug\u00fcnden itibaren \u0130stanbul&#8217;un da dahil oldu\u011fu bir\u00e7ok kent i\u00e7in kar ya\u011f\u0131\u015f\u0131 uyar\u0131s\u0131 yap\u0131ld\u0131. \u0130htar\u0131n akabinde beklenen kar geldi. Kentin kimi il\u00e7elerinde sabah saatlerinden itibaren kar ya\u011f\u0131\u015f\u0131 ba\u015flad\u0131. \u0130stanbul B\u00fcy\u00fck\u015fehir Belediyesi (\u0130BB) Afet Uyum Merkezi (AKOM), kentte \u00f6\u011flen saatlerinden itibaren \u015fiddetini art\u0131rmas\u0131 beklenen kar ya\u011f\u0131\u015f\u0131n\u0131n cuma sabah\u0131na kadar yer yer kuvvetli kar sa\u011fanaklar\u0131 bi\u00e7iminde devam etmesinin \u00f6ng\u00f6r\u00fcld\u00fc\u011f\u00fcn\u00fc bildirdi. Megakentte Sabiha G\u00f6k\u00e7en Havaliman\u0131&#8217;nda bug\u00fcn ve per\u015fembe g\u00fcnk\u00fc birtak\u0131m u\u00e7u\u015flar iptal edildi. \u0130stanbul Su ve Kanalizasyon Y\u00f6netimi (\u0130SK\u0130) ise hava s\u0131cakl\u0131klar\u0131ndaki d\u00fc\u015f\u00fc\u015f nedeniyle donmalara su borular\u0131nda olu\u015fabilecek ar\u0131zalara kar\u015f\u0131 \u0130stanbullular\u0131 SMS g\u00f6ndererek uyard\u0131.<\/p>\n","protected":false},"author":1,"featured_media":15638,"comment_status":"open","ping_status":"open","sticky":false,"template":"","format":"standard","meta":{"footnotes":""},"categories":[10],"tags":[1157,81,1669],"class_list":["post-15637","post","type-post","status-publish","format-standard","has-post-thumbnail","hentry","category-basketbol","tag-istanbul","tag-kar","tag-kar-yagisi"],"_links":{"self":[{"href":"https:\/\/haberbesiktas.tr\/index.php?rest_route=\/wp\/v2\/posts\/15637","targetHints":{"allow":["GET"]}}],"collection":[{"href":"https:\/\/haberbesiktas.tr\/index.php?rest_route=\/wp\/v2\/posts"}],"about":[{"href":"https:\/\/haberbesiktas.tr\/index.php?rest_route=\/wp\/v2\/types\/post"}],"author":[{"embeddable":true,"href":"https:\/\/haberbesiktas.tr\/index.php?rest_route=\/wp\/v2\/users\/1"}],"replies":[{"embeddable":true,"href":"https:\/\/haberbesiktas.tr\/index.php?rest_route=%2Fwp%2Fv2%2Fcomments&post=15637"}],"version-history":[{"count":1,"href":"https:\/\/haberbesiktas.tr\/index.php?rest_route=\/wp\/v2\/posts\/15637\/revisions"}],"predecessor-version":[{"id":15639,"href":"https:\/\/haberbesiktas.tr\/index.php?rest_route=\/wp\/v2\/posts\/15637\/revisions\/15639"}],"wp:featuredmedia":[{"embeddable":true,"href":"https:\/\/haberbesiktas.tr\/index.php?rest_route=\/wp\/v2\/media\/15638"}],"wp:attachment":[{"href":"https:\/\/haberbesiktas.tr\/index.php?rest_route=%2Fwp%2Fv2%2Fmedia&parent=15637"}],"wp:term":[{"taxonomy":"category","embeddable":true,"href":"https:\/\/haberbesiktas.tr\/index.php?rest_route=%2Fwp%2Fv2%2Fcategories&post=15637"},{"taxonomy":"post_tag","embeddable":true,"href":"https:\/\/haberbesiktas.tr\/index.php?rest_route=%2Fwp%2Fv2%2Ftags&post=15637"}],"curies":[{"name":"wp","href":"https:\/\/api.w.org\/{rel}","templated":true}]}}