{"id":15640,"date":"2025-03-08T22:12:05","date_gmt":"2025-03-08T22:12:05","guid":{"rendered":"https:\/\/haberbesiktas.tr\/?p=15640"},"modified":"2025-03-08T22:12:05","modified_gmt":"2025-03-08T22:12:05","slug":"bugun-neden-siren-caldi-6-subat-sirenler-neden-caliyor","status":"publish","type":"post","link":"https:\/\/haberbesiktas.tr\/?p=15640","title":{"rendered":"Bug\u00fcn neden siren \u00e7ald\u0131? 6 \u015eubat sirenler neden \u00e7al\u0131yor?"},"content":{"rendered":"<div><span>Sirenler neden \u00e7al\u0131yor sorusunun cevab\u0131n\u0131 6 \u015eubat sabah\u0131nda ba\u015fta \u0130stanbul olmak \u00fczere \u00f6teki vilayetlerdeki vatanda\u015flarda merakla bekliyor. Vatanda\u015flar duyduklar\u0131 siren sesi sonras\u0131 toplumsal medyada neden siren \u00e7ald\u0131 sorusunun yan\u0131t\u0131n\u0131 ara\u015ft\u0131r\u0131yor.<\/span><\/p>\n<p><span>\u0130stanbul ba\u015fta olmak \u00fczere pek \u015fok vilayette 6 \u015eubat Per\u015fembe g\u00fcn\u00fcnde saat 10.00&#8217;da duyulan siren sesleri sonras\u0131 vatanda\u015flar merak i\u00e7erisinde neden sirenlerin \u00e7ald\u0131\u011f\u0131n\u0131 merak ediyor.<\/span><\/p>\n<p><strong>NEDEN S\u0130REN \u00c7ALIYOR?<br \/><\/strong><br \/><span>Bug\u00fcn saat 10.00&#8217;da okullarda 6 \u015eubat zelzele facias\u0131 sebebiyle kaybetti\u011fimiz vatanda\u015flar\u0131m\u0131z i\u00e7in h\u00fcrmet duru\u015fu ve anma aktifli\u011fi ger\u00e7ekle\u015ftirildi. Bu nedenle de h\u00fcrmet duru\u015fu esnas\u0131nda pek \u015fok okulda sirenler \u00e7ald\u0131.<br \/><\/span><br \/><span>Kimyasal, n\u00fckleer ve hava h\u00fccumlar\u0131 \u00fczere durumlarda halk\u0131 uyarmak gayesiyle siren \u00e7alabilir. Tsunami ve kas\u0131rga \u00fczere do\u011fal afetler ile yang\u0131n \u00fczere felaketlerde de halk\u0131n \u00f6nlem almas\u0131 maksad\u0131yla sirenler \u00e7alabilmektedir.<\/span><\/p>\n<p><span>Bunlarla birlikte \u00fclkemizde bilhassa 10 Kas\u0131m ba\u015fta olmak \u00fczere pek \u00e7ok anma etikli\u011finde h\u00fcrmet duru\u015flar\u0131 esans\u0131nda da sirenler \u00e7al\u0131nmaktad\u0131r.<\/span><\/div>\n<div>Haber ile daha fazlas\u0131na ula\u015f\u0131n:<\/div>\n<div>G\u00fcndem<\/div>\n","protected":false},"excerpt":{"rendered":"<p>Sirenler neden \u00e7al\u0131yor sorusuna ba\u015fta \u0130stanbul olmak \u00fczere ba\u015fka vilayetlerdeki vatanda\u015flar kar\u015f\u0131l\u0131k ar\u0131yor. 6 \u015eubat sabah\u0131nda saat 10.00&#8217;da siren sesleri duyanlar neden siren \u00e7ald\u0131 sorusunun cevab\u0131n\u0131 merak ediyor. Pekala, 6 \u015eubat bug\u00fcn neden siren \u00e7ald\u0131?<\/p>\n","protected":false},"author":1,"featured_media":15641,"comment_status":"open","ping_status":"open","sticky":false,"template":"","format":"standard","meta":{"footnotes":""},"categories":[10],"tags":[1677,1678],"class_list":["post-15640","post","type-post","status-publish","format-standard","has-post-thumbnail","hentry","category-basketbol","tag-siren","tag-sirenler"],"_links":{"self":[{"href":"https:\/\/haberbesiktas.tr\/index.php?rest_route=\/wp\/v2\/posts\/15640","targetHints":{"allow":["GET"]}}],"collection":[{"href":"https:\/\/haberbesiktas.tr\/index.php?rest_route=\/wp\/v2\/posts"}],"about":[{"href":"https:\/\/haberbesiktas.tr\/index.php?rest_route=\/wp\/v2\/types\/post"}],"author":[{"embeddable":true,"href":"https:\/\/haberbesiktas.tr\/index.php?rest_route=\/wp\/v2\/users\/1"}],"replies":[{"embeddable":true,"href":"https:\/\/haberbesiktas.tr\/index.php?rest_route=%2Fwp%2Fv2%2Fcomments&post=15640"}],"version-history":[{"count":1,"href":"https:\/\/haberbesiktas.tr\/index.php?rest_route=\/wp\/v2\/posts\/15640\/revisions"}],"predecessor-version":[{"id":15642,"href":"https:\/\/haberbesiktas.tr\/index.php?rest_route=\/wp\/v2\/posts\/15640\/revisions\/15642"}],"wp:featuredmedia":[{"embeddable":true,"href":"https:\/\/haberbesiktas.tr\/index.php?rest_route=\/wp\/v2\/media\/15641"}],"wp:attachment":[{"href":"https:\/\/haberbesiktas.tr\/index.php?rest_route=%2Fwp%2Fv2%2Fmedia&parent=15640"}],"wp:term":[{"taxonomy":"category","embeddable":true,"href":"https:\/\/haberbesiktas.tr\/index.php?rest_route=%2Fwp%2Fv2%2Fcategories&post=15640"},{"taxonomy":"post_tag","embeddable":true,"href":"https:\/\/haberbesiktas.tr\/index.php?rest_route=%2Fwp%2Fv2%2Ftags&post=15640"}],"curies":[{"name":"wp","href":"https:\/\/api.w.org\/{rel}","templated":true}]}}