{"id":15649,"date":"2025-03-08T22:48:05","date_gmt":"2025-03-08T22:48:05","guid":{"rendered":"https:\/\/haberbesiktas.tr\/?p=15649"},"modified":"2025-03-08T22:48:05","modified_gmt":"2025-03-08T22:48:05","slug":"vergi-affi-cikacak-mi-2025-vergi-affi-ne-zaman-cikacak","status":"publish","type":"post","link":"https:\/\/haberbesiktas.tr\/?p=15649","title":{"rendered":"Vergi aff\u0131 \u00e7\u0131kacak m\u0131? 2025 Vergi aff\u0131 ne zaman \u00e7\u0131kacak?"},"content":{"rendered":"<div><span>Vergi aff\u0131, devletin vergi m\u00fckelleflerinin ge\u00e7mi\u015fte \u00f6denmemi\u015f yahut \u00f6denmi\u015fse bile eksik \u00f6denmi\u015f vergileri ile buna ba\u011fl\u0131 cezalar\u0131n\u0131 belli \u015fartlar alt\u0131nda silinmesi yahut yine yap\u0131land\u0131rmas\u0131 manas\u0131na geliyor.<\/span><\/p>\n<p><span>Yeni y\u0131l ile birlikte bu husus tekrar g\u00fcndeme geldi. Milyonlarca vatanda\u015f, resmi a\u00e7\u0131klamalarla vergi aff\u0131na dair bir duyuru yap\u0131lmas\u0131n\u0131 bekliyor. Lakin \u015fu an i\u00e7in rastgele bir af duyurusu g\u00fcndeme gelmi\u015f ve duyurulmu\u015f de\u011fil.<br \/><\/span><br \/><span>Vergi aff\u0131n\u0131n olup olmayaca\u011f\u0131 ilerleyen devir i\u00e7erisinde yap\u0131lacak olan resmi a\u00e7\u0131klamalarla netlik kazanacak.<\/span><\/p>\n<p><strong>ZENG\u0130NLERE VERG\u0130 AFFI \u0130DD\u0130ASI<br \/><\/strong><br \/><span>2024 A\u011fustos ay\u0131nda &#8216;Cumhurba\u015fkan\u0131 Erdo\u011fan, vergi pakerinde zenginlerin vergi aff\u0131 getirilmesini istedi&#8217; arg\u00fcmanlar\u0131 ortaya at\u0131lm\u0131\u015f ve g\u00fcndeme bomba \u00fczere d\u00fc\u015fm\u00fc\u015ft\u00fc.<\/span><\/p>\n<p><span>Ortaya at\u0131lan bu tezlerden sonra Ba\u011flant\u0131 Liderli yalanma da bulunarak \u015fu a\u00e7\u0131klamay\u0131 yapt\u0131:<\/span><\/p>\n<p><span>&#8220;Cumhurba\u015fkan\u0131m\u0131z Say\u0131n Recep Tayyip Erdo\u011fan&#8217;\u0131n vergi paketi konusundaki tercihleri, sav edilenin tam tersine, \u00e7al\u0131\u015fmalar\u0131n net bir halde, \u00e7ok kazanandan \u00e7ok almay\u0131 \u00f6ng\u00f6ren bir yakla\u015f\u0131m ile yap\u0131lmas\u0131 istikametinde olmu\u015ftur.<\/span><\/p>\n<p><span>TBMM&#8217;den ge\u00e7en son vergi paketinin rastgele bir evresinde, &#8220;zenginlere vergi aff\u0131&#8221; \u00fczere bir bahsin g\u00fcndeme gelmesi kelam konusu de\u011fildir.<\/span><\/p>\n<p><span>Meclis taraf\u0131ndan onaylanarak maddele\u015fen paketle vergide adalet ve aktifli\u011fin art\u0131r\u0131lmas\u0131 hedeflenmi\u015ftir.<\/span><\/p>\n<p><span>As\u0131ls\u0131z savlara prestij etmeyiniz.&#8221;<\/span><\/div>\n<div>Haber ile daha fazlas\u0131na ula\u015f\u0131n:<\/div>\n<div>G\u00fcndem<\/div>\n","protected":false},"excerpt":{"rendered":"<p>\u0130ktisatta canl\u0131l\u0131k yaratmak ve m\u00fckelleflerin bor\u00e7 y\u00fck\u00fcn\u00fc hafifletmek i\u00e7in uygulanan vergi aff\u0131, binlerce vatanda\u015f taraf\u0131ndan merakla takip edilen bir mevzu haline geldi. 2024 y\u0131l\u0131n\u0131n sonlanmas\u0131 ve 2025 y\u0131l\u0131na ge\u00e7i\u015fle birlikte, vergi aff\u0131n\u0131n \u00e7\u0131k\u0131p \u00e7\u0131kmayaca\u011f\u0131 da g\u00fcndemdeki yerini ald\u0131. Pekala, Vergi aff\u0131 \u00e7\u0131kacak m\u0131? 2025 Vergi aff\u0131 ne vakit \u00e7\u0131kacak?<\/p>\n","protected":false},"author":1,"featured_media":15650,"comment_status":"open","ping_status":"open","sticky":false,"template":"","format":"standard","meta":{"footnotes":""},"categories":[10],"tags":[565,1683,1684],"class_list":["post-15649","post","type-post","status-publish","format-standard","has-post-thumbnail","hentry","category-basketbol","tag-iddia","tag-vergi","tag-vergi-affi"],"_links":{"self":[{"href":"https:\/\/haberbesiktas.tr\/index.php?rest_route=\/wp\/v2\/posts\/15649","targetHints":{"allow":["GET"]}}],"collection":[{"href":"https:\/\/haberbesiktas.tr\/index.php?rest_route=\/wp\/v2\/posts"}],"about":[{"href":"https:\/\/haberbesiktas.tr\/index.php?rest_route=\/wp\/v2\/types\/post"}],"author":[{"embeddable":true,"href":"https:\/\/haberbesiktas.tr\/index.php?rest_route=\/wp\/v2\/users\/1"}],"replies":[{"embeddable":true,"href":"https:\/\/haberbesiktas.tr\/index.php?rest_route=%2Fwp%2Fv2%2Fcomments&post=15649"}],"version-history":[{"count":1,"href":"https:\/\/haberbesiktas.tr\/index.php?rest_route=\/wp\/v2\/posts\/15649\/revisions"}],"predecessor-version":[{"id":15651,"href":"https:\/\/haberbesiktas.tr\/index.php?rest_route=\/wp\/v2\/posts\/15649\/revisions\/15651"}],"wp:featuredmedia":[{"embeddable":true,"href":"https:\/\/haberbesiktas.tr\/index.php?rest_route=\/wp\/v2\/media\/15650"}],"wp:attachment":[{"href":"https:\/\/haberbesiktas.tr\/index.php?rest_route=%2Fwp%2Fv2%2Fmedia&parent=15649"}],"wp:term":[{"taxonomy":"category","embeddable":true,"href":"https:\/\/haberbesiktas.tr\/index.php?rest_route=%2Fwp%2Fv2%2Fcategories&post=15649"},{"taxonomy":"post_tag","embeddable":true,"href":"https:\/\/haberbesiktas.tr\/index.php?rest_route=%2Fwp%2Fv2%2Ftags&post=15649"}],"curies":[{"name":"wp","href":"https:\/\/api.w.org\/{rel}","templated":true}]}}