{"id":15652,"date":"2025-03-08T23:00:07","date_gmt":"2025-03-08T23:00:07","guid":{"rendered":"https:\/\/haberbesiktas.tr\/?p=15652"},"modified":"2025-03-08T23:00:07","modified_gmt":"2025-03-08T23:00:07","slug":"avrupa-listesi-ne-zaman-verilecek-2025-uefa-isim-listesi","status":"publish","type":"post","link":"https:\/\/haberbesiktas.tr\/?p=15652","title":{"rendered":"Avrupa listesi ne zaman verilecek? 2025 UEFA isim listesi"},"content":{"rendered":"<div><span>Avrupa listesi ne vakit verilecek, 2025 Avrupa transfer periyodu ne vakit bitiyor b\u00fcy\u00fck bir merakla takip ediliyor. Transfer periyoduna dair t\u00fcm ayr\u0131nt\u0131lar ve tarihler netlik kazand\u0131.<\/span><\/p>\n<p><strong>AVRUPA L\u0130STES\u0130 NE VAK\u0130T VER\u0130LECEK?<br \/><\/strong><br \/><span>Avrupa kupalar\u0131nda \u00e7aba eden kul\u00fcplerin UEFA&#8217;ya tak\u0131m listelerini bildirmeleri i\u00e7in son tarih 6 \u015eubat&#8217;\u0131 7 \u015eubat&#8217;a ba\u011flayan gece saat 01.00 olarak belirlendi.<\/span><\/p>\n<p><span>\u015eampiyonlar Ligi, Avrupa Ligi ve Konferans Ligi&#8217;nde \u00e7aba eden kadrolar, orta transfer devrinde tak\u0131mlar\u0131na katt\u0131klar\u0131 futbolcular\u0131 belirlenen m\u00fcddet i\u00e7inde UEFA&#8217;ya bildirmezse, yeni oyuncular\u0131n\u0131 Avrupa ma\u00e7lar\u0131nda oynatamayacak.<br \/><\/span><br \/><strong>AVRUPA TRANSFER PER\u0130YODU NE VAK\u0130T B\u0130T\u0130YOR 2025<br \/><\/strong><br \/><span>Avrupa&#8217;n\u0131n en b\u00fcy\u00fck liglerinde 2025 k\u0131\u015f transfer devri 3 \u015eubat&#8217;ta sona erecek. 3 \u015eubat&#8217;tan itibaren gruplar yeni oyuncu transferi ger\u00e7ekle\u015ftiremeyecek.<\/span><\/p>\n<p><span>Almanya, \u0130ngiltere, Fransa, \u0130talya ve \u0130spanya \u00fczere b\u00fcy\u00fck liglerde transfer s\u00fcreci 3 \u015eubat 2025&#8217;te tamamlan\u0131rken, kimi \u00fclkelerde bu s\u00fcre\u00e7 4 \u015eubat 2025&#8217;e kadar devam edecek. Bilhassa Hollanda ve Portekiz \u00fczere liglerde transfer penceresi bir g\u00fcn daha a\u00e7\u0131k kalacak.<\/span><\/div>\n<div>Haber ile daha fazlas\u0131na ula\u015f\u0131n:<\/div>\n<div>G\u00fcndem<\/div>\n","protected":false},"excerpt":{"rendered":"<p>Avrupa listesi ne vakit verilecek, 2025 Avrupa transfer devri ne vakit bitiyor sorular\u0131 futbolseverlerin g\u00fcndeminde yer al\u0131yor. Avrupa&#8217;da 2025 y\u0131l\u0131 k\u0131\u015f transfer devri sona ermek \u00fczere. Pekala, Avrupa listesi ne vakit verilecek? 2025 UEFA isim listesi tarihi<\/p>\n","protected":false},"author":1,"featured_media":15653,"comment_status":"open","ping_status":"open","sticky":false,"template":"","format":"standard","meta":{"footnotes":""},"categories":[10],"tags":[1674,205,1164,1685],"class_list":["post-15652","post","type-post","status-publish","format-standard","has-post-thumbnail","hentry","category-basketbol","tag-1674","tag-avrupa","tag-subat","tag-transfer-donemi"],"_links":{"self":[{"href":"https:\/\/haberbesiktas.tr\/index.php?rest_route=\/wp\/v2\/posts\/15652","targetHints":{"allow":["GET"]}}],"collection":[{"href":"https:\/\/haberbesiktas.tr\/index.php?rest_route=\/wp\/v2\/posts"}],"about":[{"href":"https:\/\/haberbesiktas.tr\/index.php?rest_route=\/wp\/v2\/types\/post"}],"author":[{"embeddable":true,"href":"https:\/\/haberbesiktas.tr\/index.php?rest_route=\/wp\/v2\/users\/1"}],"replies":[{"embeddable":true,"href":"https:\/\/haberbesiktas.tr\/index.php?rest_route=%2Fwp%2Fv2%2Fcomments&post=15652"}],"version-history":[{"count":1,"href":"https:\/\/haberbesiktas.tr\/index.php?rest_route=\/wp\/v2\/posts\/15652\/revisions"}],"predecessor-version":[{"id":15654,"href":"https:\/\/haberbesiktas.tr\/index.php?rest_route=\/wp\/v2\/posts\/15652\/revisions\/15654"}],"wp:featuredmedia":[{"embeddable":true,"href":"https:\/\/haberbesiktas.tr\/index.php?rest_route=\/wp\/v2\/media\/15653"}],"wp:attachment":[{"href":"https:\/\/haberbesiktas.tr\/index.php?rest_route=%2Fwp%2Fv2%2Fmedia&parent=15652"}],"wp:term":[{"taxonomy":"category","embeddable":true,"href":"https:\/\/haberbesiktas.tr\/index.php?rest_route=%2Fwp%2Fv2%2Fcategories&post=15652"},{"taxonomy":"post_tag","embeddable":true,"href":"https:\/\/haberbesiktas.tr\/index.php?rest_route=%2Fwp%2Fv2%2Ftags&post=15652"}],"curies":[{"name":"wp","href":"https:\/\/api.w.org\/{rel}","templated":true}]}}