{"id":15664,"date":"2025-03-08T23:48:05","date_gmt":"2025-03-08T23:48:05","guid":{"rendered":"https:\/\/haberbesiktas.tr\/?p=15664"},"modified":"2025-03-08T23:48:05","modified_gmt":"2025-03-08T23:48:05","slug":"kar-tatili-var-mi-7-subat-yarin-okular-var-mi-tatil-mi-okullar-tatil-olacak-mi-sinop-sivas-istanbul-duzce-kayseri-sakaya-bursa-kocaelide-yarin-okullar-tatil-oldu-mu-okul-var-mi-n","status":"publish","type":"post","link":"https:\/\/haberbesiktas.tr\/?p=15664","title":{"rendered":"Kar tatili var m\u0131? 7 \u015eubat yar\u0131n okular var m\u0131, tatil mi? |\u00a0Okullar tatil olacak m\u0131? Sinop, Sivas, \u0130stanbul, D\u00fczce, Kayseri, Sakaya, Bursa, Kocaeli&#8217;de yar\u0131n okullar tatil oldu mu, okul var m\u0131, nerelerde tatil? \u0130\u015fte kar tatili haberleri ve e\u011fitime ara veri"},"content":{"rendered":"<div><span>Yar\u0131n Sinop, D\u00fczce, Kayseri, Latifeye, Bursa, Kocaeli&#8217;de okullar tatil mi, yar\u0131n (7 \u015eubat Cuma) okullar nerelerde, hangi vilayetlerde? sorular\u0131 kar ya\u011f\u0131\u015flar\u0131 devam ederken g\u00fcndemde yer almay\u0131 s\u00fcrd\u00fcr\u00fcyor. Meteoroloji&#8217;nin ikazlar\u0131n\u0131n akabinde T\u00fcrkiye&#8217;nin bir\u00e7ok vilayetinde kar ya\u011f\u0131\u015f\u0131 tesirli olurken, birtak\u0131m vilayetlerde de e\u011fitim \u00f6\u011fretime orta verilmi\u015fti. Bu vilayetlerden olan Sinop, D\u00fczce, Kayseri, Latifeye, Bursa, Kocaeli&#8217;de cuma g\u00fcn\u00fc i\u00e7in kar tatili beklentileri a\u011f\u0131rla\u015ft\u0131. Veli ve \u00f6\u011frenciler valiliklerin duyurular\u0131n\u0131 takip ederken, 7 \u015eubat kar tatili haberleri ak\u015fam saatlerinde gelmeye ba\u015flad\u0131. Pekala, yar\u0131n okullar nerelerde tatil? Yar\u0131n okul var m\u0131, valiliklerden a\u00e7\u0131klama geldi mi? \u0130\u015fte, vilayet il valiliklerin kar tatili a\u00e7\u0131klamalar\u0131 ve detaylar.<\/span><\/p>\n<p><strong>YARIN OKULLAR TAT\u0130L M\u0130?<br \/><\/strong><br \/><span>Olumsuz hava \u015fartlar\u0131 nedeniyle, birtak\u0131m vilayet ve il\u00e7elerde, e\u011fitim \u00f6\u011fretime orta verildi. 7 \u015eubat Cuma g\u00fcn\u00fc okullar\u0131n tatil edildi\u011fi vilayet ve il\u00e7eler \u015f\u00f6yle;<\/span><\/p>\n<p><strong>G\u0130RESUN<\/strong><br \/><span>Giresun&#8217;un 5 il\u00e7esinin tamam\u0131nda, birtak\u0131m il\u00e7elerinin de k\u00f6y okullar\u0131nda e\u011fitime yar\u0131n i\u00e7in orta verildi.Valilikten yap\u0131lan a\u00e7\u0131klamada, \u00c7amoluk, \u00c7anak\u00e7\u0131, Dereli, G\u00fcce ve Ya\u011fl\u0131dere&#8217;de kar ya\u011f\u0131\u015f\u0131 ve buzlanma riski nedeniyle t\u00fcm okullarda 7 \u015eubat Cuma g\u00fcn\u00fc e\u011fitime 1 g\u00fcn m\u00fcddetle orta verildi\u011fi belirtildi.Merkez ile Espiye, Eynesil, Piraziz, Tirebolu ve Ke\u015fap il\u00e7elerindeki k\u00f6y okullar\u0131nda e\u011fitime orta verildi\u011fi, bu il\u00e7elerde ta\u015f\u0131mal\u0131 e\u011fitim kapsam\u0131ndaki \u00f6\u011frencilerin idari m\u00fcsaadeli say\u0131laca\u011f\u0131 kaydedildi.A\u00e7\u0131klamada, Bulancak il\u00e7esinin Ayd\u0131ndere ve Kovanl\u0131k beldeleri ile Yal\u0131k\u00f6y \u015eehit Te\u011fmen Bar\u0131\u015f \u00c7ak\u0131r \u0130lkokulu ve Ortaokulu hari\u00e7 ba\u015fka t\u00fcm k\u00f6y okullar\u0131nda, Eynesil il\u00e7esinin ise \u00d6ren beldesindeki t\u00fcm okullarda e\u011fitime orta verildi\u011fi, il\u00e7e merkezlerindeki okullarda ise ta\u015f\u0131mal\u0131 e\u011fitim kapsam\u0131ndaki \u00f6\u011frencilerin m\u00fcsaadeli say\u0131laca\u011f\u0131 belirtildi.Do\u011fankent il\u00e7esinin \u00c7atak k\u00f6y\u00fc ve S\u00fctta\u015f\u0131 Mahallesi&#8217;nde bulunan okullarda e\u011fitime orta verildi\u011fi kaydedilen a\u00e7\u0131klamada, ta\u015f\u0131mal\u0131 e\u011fitim kapsam\u0131ndaki \u00f6\u011frencilerin m\u00fcsaadeli say\u0131laca\u011f\u0131 s\u00f6z edildi.<\/span><br \/><strong><br \/>TRABZON<\/strong><br \/><span>Trabzon Valili\u011finden yap\u0131lan a\u00e7\u0131klamada, Ma\u00e7ka, \u015ealpazar\u0131 ve Hayrat il\u00e7elerinde ta\u015f\u0131mal\u0131 e\u011fitime 1 g\u00fcn m\u00fchletle orta verildi\u011fi belirtildi.A\u00e7\u0131klamada, Arakl\u0131 il\u00e7esindeki Ye\u015filyurt, \u00c7ankaya, Erenler, De\u011firmencik ve Ta\u015ftepe birinci ve ortaokullar\u0131nda, \u00c7aykara il\u00e7esinde Ta\u015fk\u0131ran, Uzung\u00f6l ve Kara\u00e7am mahallelerindeki birinci ve ortaokullarda e\u011fitime 1 g\u00fcn orta verildi\u011fi s\u00f6z edildi.S\u00fcrmene il\u00e7esinde de kimi okullarda e\u011fitime yar\u0131n i\u00e7in orta verildi\u011fi belirtilen a\u00e7\u0131klamada, il\u00e7edeki Oylum \u0130lkokulu, K\u00fc\u00e7\u00fckdere Enver-Dursun Y\u0131lmaz, Ormanseven ve A\u015fa\u011f\u0131 Aksu birinci ve ortaokullar\u0131nda e\u011fitime yar\u0131n i\u00e7in orta verildi\u011fi kaydedildi.A\u00e7\u0131klamada, Yomra il\u00e7esinde \u00c7aml\u0131yurt ilkokulu, \u00d6zdil ilkokulu, Maden Ortaokulu, Oymal\u0131tepe ilkokulu, Oymal\u0131 \u015eehit Sedat Kaptan Ortaokulu, \u00d6zdil \u0130mam Hatip Ortaokulu ile \u00d6zdil \u00c7ok Programl\u0131 Lisesi&#8217;nde e\u011fitime orta verildi\u011fi tabir edildi.<\/span><\/p>\n<p><strong>BOLU<\/strong><br \/><span>Bolu Valili\u011finden yap\u0131lan yaz\u0131l\u0131 a\u00e7\u0131klamada, kentin birtak\u0131m b\u00f6lgelerinde olumsuz hava \u015fartlar\u0131n\u0131n s\u00fcrd\u00fc\u011f\u00fc bildirildi.Ula\u015f\u0131mda olu\u015fabilecek risk ve tehlikelere kar\u015f\u0131 \u00f6nlem gayesiyle merkez il\u00e7e ile Mudurnu ve G\u00f6yn\u00fck il\u00e7elerinde ta\u015f\u0131mal\u0131 e\u011fitim kapsam\u0131ndaki t\u00fcm \u00f6\u011frenciler i\u00e7in e\u011fitim-\u00f6\u011fretime bir g\u00fcn orta verildi\u011fi belirtildi.A\u00e7\u0131klamada, karar\u0131n bu yerle\u015fim yerlerinde ikamet eden orta\u00f6\u011fretim \u00f6\u011frencilerini de kapsad\u0131\u011f\u0131 duyuruldu.<\/span><\/p>\n<p><strong>ERZ\u0130NCAN<\/strong><br \/><span>Refahiye Kaymakaml\u0131\u011f\u0131ndan yap\u0131lan a\u00e7\u0131klamada, kentte bir m\u00fcddettir kar ya\u011f\u0131\u015f\u0131n\u0131n tesirli oldu\u011fu belirtildi.Bu kapsamda \u00e7e\u015fitli \u00f6nlemlerin al\u0131nd\u0131\u011f\u0131 aktar\u0131lan a\u00e7\u0131klamada, &#8220;Gece olu\u015fabilecek buzlanma riski ile ula\u015f\u0131mda ya\u015fanabilecek beklenen aksilikler nedeniyle ta\u015f\u0131mal\u0131 e\u011fitim yolu ile okullar\u0131m\u0131za eri\u015fimi sa\u011flanan temel e\u011fitim ve orta\u00f6\u011fretim \u00f6\u011frencileri i\u00e7in e\u011fitim-\u00f6\u011fretime \u0130l\u00e7e H\u0131fz\u0131ss\u0131hha Kurulu karar\u0131 mucibince 7 \u015eubat Cuma g\u00fcn\u00fc 1 g\u00fcn orta verilmi\u015ftir.&#8221; s\u00f6z\u00fc kullan\u0131ld\u0131.Tercan Kaymakaml\u0131\u011f\u0131 ise yollarda olu\u015fabilecek buzlanma ve ula\u015f\u0131mda ya\u015fanabilecek aksiliklere kar\u015f\u0131 yar\u0131n il\u00e7ede e\u011fitime bir g\u00fcn orta verildi\u011fini bildirdi.<\/span><br \/>\u00a0<br \/><strong>TOKAT<\/strong><br \/><span>Almus Kaymakaml\u0131\u011f\u0131ndan yap\u0131lan yaz\u0131l\u0131 a\u00e7\u0131klamada, il\u00e7e merkezinde kar ya\u011f\u0131\u015f\u0131n\u0131n tesirli oldu\u011fu bildirildi.A\u00e7\u0131klamada, olumsuz hava ko\u015fullar\u0131 nedeniyle il\u00e7e merkezi ve ba\u011fl\u0131 k\u00f6ylerdeki birinci ve orta dereceli okullarda e\u011fitime bir g\u00fcn orta verildi\u011fi belirtildi.<\/span><\/p>\n<p><strong>ARDAHAN<\/strong><br \/><span>Ardahan&#8217;\u0131n G\u00f6le il\u00e7esinde de kar ve tipi ula\u015f\u0131mda aksamalara neden oldu. Olumsuz hava \u015fartlar\u0131 nedeniyle e\u011fitim \u00f6\u011fretime yar\u0131n bir g\u00fcn orta verildi\u011fi belirtildi.<\/span><br \/><span><br \/>ERZURUM<\/span><br \/><span>Erzurum&#8217;un H\u0131n\u0131s Kaymakaml\u0131\u011f\u0131ndan yap\u0131lan a\u00e7\u0131klamada, il\u00e7e genelinde olumsuz hava kaideleri sebebiyle okullar\u0131n yar\u0131n tatil edildi\u011fi bildirildi.A\u00e7\u0131klamada, kamuda \u00e7al\u0131\u015fan gebe ve engelli i\u015f\u00e7inin de idari m\u00fcsaadeli say\u0131laca\u011f\u0131 kaydedildi.<\/span><\/p>\n<p><span>KOCAEL\u0130<\/span><br \/><span>Valilikten yap\u0131lan a\u00e7\u0131klamada, olumsuz hava \u015fartlar\u0131n\u0131n devam etmesi ve buzlanma tehlikesi nedeniyle kent genelinde resmi, \u00f6zel t\u00fcm \u00f6rg\u00fcn ve yayg\u0131n e\u011fitim kurumlar\u0131nda (rehabilitasyon merkezleri ve Kur&#8217;an kurslar\u0131 dahil) yar\u0131n e\u011fitime orta verildi\u011fi belirtildi.A\u00e7\u0131klamada, kamu kurumlar\u0131ndaki gebe, engelli ve kronik hastal\u0131\u011f\u0131 bulunan \u00e7al\u0131\u015fanlar ile anaokulu ve kre\u015flere devam eden \u00e7ocu\u011fu bulunan bayan \u00e7al\u0131\u015fan\u0131n de idari m\u00fcsaadeli say\u0131laca\u011f\u0131 kaydedildi.<\/span><\/p>\n<p><span>D\u00dcZCE<\/span><br \/><span>D\u00fczce Valisi Sel\u00e7uk Aslan, toplumsal medya hesab\u0131ndan yapt\u0131\u011f\u0131 payla\u015f\u0131mda, meteorolojik iddialara nazaran, vilayet genelinde iki g\u00fcnd\u00fcr devam eden a\u011f\u0131r kar\u0131n yar\u0131n ak\u015fam saatine kadar aral\u0131klarla s\u00fcrece\u011finin varsay\u0131m edildi\u011fini belirtti.Kar ile buzlanma riskinin de bulundu\u011funun alt\u0131n\u0131 \u00e7izen Vali Aslan, &#8220;7 \u015eubat Per\u015fembe ilimiz genelinde resmi, \u00f6zel t\u00fcm yayg\u0131n ve \u00f6rg\u00fcn e\u011fitim kurumlar\u0131 ile rehabilitasyon merkezleri ve Kur&#8217;an kurslar\u0131nda (yeti\u015fkinler hari\u00e7) e\u011fitim ve \u00f6\u011fretime bir g\u00fcn m\u00fcddetle orta verilmi\u015ftir.&#8221; a\u00e7\u0131klamas\u0131nda bulundu.Vali Aslan, engelli ve gebe kamu i\u015f\u00e7isi, \u00e7ocu\u011fu kre\u015f ve anaokuluna devam eden anneler ile kronik rahats\u0131zl\u0131\u011f\u0131 bulunan \u00e7al\u0131\u015fan\u0131n de bir g\u00fcn idari m\u00fcsaadeli say\u0131laca\u011f\u0131n\u0131 bildirdi.<\/span><\/p>\n<p><span>B\u0130NG\u00d6L<\/span><br \/><span>Valilikten yap\u0131lan a\u00e7\u0131klamaya nazaran, 4 il\u00e7ede kar ya\u011f\u0131\u015f\u0131 ve olumsuz hava \u015fartlar\u0131 devam ediyor. Olu\u015fabilecek risklere kar\u015f\u0131 \u00f6nlem hedefli Adakl\u0131, Karl\u0131ova, Ki\u011f\u0131 ve Yayladere&#8217;de yar\u0131n okullar tatil edildi. Merkeze ba\u011fl\u0131 Sancak beldesinde ve Sud\u00fc\u011f\u00fcn\u00fc k\u00f6y\u00fcnde de ta\u015f\u0131mal\u0131 e\u011fitime bir g\u00fcn orta verildi.Ayr\u0131ca engelli ve gebe kamu vazifelileri de yar\u0131n idari m\u00fcsaadeli say\u0131lacak.<\/span><\/p>\n<p><span>NEV\u015eEH\u0130R<\/span><br \/><span>Nev\u015fehir Valisi Ali Fidan, toplumsal medya hesab\u0131ndan yapt\u0131\u011f\u0131 payla\u015f\u0131mda, Meteoroloji \u0130l M\u00fcd\u00fcrl\u00fc\u011f\u00fc bilgilerine nazaran kar ya\u011f\u0131\u015f\u0131n\u0131n yar\u0131n g\u00fcn uzunlu\u011fu s\u00fcrmesinin beklendi\u011fini, bu kapsamda e\u011fitim, \u00f6\u011fretime bir g\u00fcn orta verildi\u011fini bildirdi.Vali Fidan, payla\u015f\u0131m\u0131nda \u015funlar\u0131 kaydetti:&#8221;Nev\u015fehir etraflar\u0131nda hafif bi\u00e7imde aral\u0131klarla devam eden kar ya\u011f\u0131\u015f\u0131n\u0131n yar\u0131n saat 06.00 prestijiyle kuvvetlenece\u011fi ve g\u00fcn uzunlu\u011fu aral\u0131klarla devam edece\u011fi beklenmektedir. Bu kapsamda, ilimiz genelinde t\u00fcm resmi ve \u00f6zel \u00f6rg\u00fcn ve yayg\u0131n e\u011fitim kurumlar\u0131 ile rehabilitasyon merkezleri ve Kur&#8217;an kurslar\u0131nda e\u011fitim ve \u00f6\u011fretime bir g\u00fcn m\u00fchletle orta verilmi\u015ftir. Kamu kurumlar\u0131m\u0131zda misyonlu gebe, engelli, \u00e7ocu\u011fu kre\u015f ile anaokuluna devam eden ve engelli \u00e7ocu\u011fu olan anneler ile kronik rahats\u0131zl\u0131\u011f\u0131 bulunan i\u015f\u00e7i ise bir g\u00fcn idari m\u00fcsaadeli say\u0131lacakt\u0131r.&#8221;<\/span><\/p>\n<p><span>R\u0130ZE<\/span><br \/><span>Rize&#8217;nin \u0130kizdere il\u00e7esinde de a\u011f\u0131r kar ya\u011f\u0131\u015f\u0131, buzlanma ve tipi nedeniyle e\u011fitime yar\u0131n orta verildi.Kaymakaml\u0131ktan yap\u0131lan a\u00e7\u0131klamada, \u0130l\u00e7e H\u0131fz\u0131ss\u0131hha Kurulu karar\u0131yla yar\u0131n tam g\u00fcn t\u00fcm birinci ve orta dereceli okullarda 1 g\u00fcn m\u00fchletle e\u011fitime orta verildi\u011fi belirtildi.A\u00e7\u0131klamada, ayr\u0131yeten kamuda \u00e7al\u0131\u015fan engelli ve gebe \u00e7al\u0131\u015fan\u0131n de birebir g\u00fcn idari m\u00fcsaadeli say\u0131laca\u011f\u0131 kaydedildi.<\/span><\/p>\n<p><span>ORDU<\/span><br \/><span>Valilikten yap\u0131lan a\u00e7\u0131klamada, ilin y\u00fcksek k\u0131s\u0131mlar\u0131nda devam eden kar ya\u011f\u0131\u015f\u0131, don riski ve buzlanma nedeniyle Aybast\u0131, \u00c7ama\u015f, \u00c7atalp\u0131nar, \u00c7ayba\u015f\u0131, G\u00f6lk\u00f6y, G\u00fcrgentepe, \u0130kizce, Kabad\u00fcz, Kabata\u015f, Korgan, Kumru, Mesudiye ve Ulubey il\u00e7elerinin tamam\u0131nda e\u011fitime 1 g\u00fcn orta verildi\u011fi a\u00e7\u0131kland\u0131. A\u00e7\u0131klamada, Akku\u015f, Alt\u0131nordu, Fatsa, G\u00fclyal\u0131, Per\u015fembe ve \u00dcnye il\u00e7elerinde ise k\u0131smi olarak e\u011fitime 1 g\u00fcn orta verildi\u011fi kaydedildi.<\/span><br \/><span>A\u00e7\u0131klamada ayr\u0131yeten, resmi ve \u00f6zel t\u00fcm e\u011fitim-\u00f6\u011fretim kurumlar\u0131nda (okullar, halk e\u011fitim merkezi kurslar\u0131, rehabilitasyon merkezleri, \u00f6zel \u00f6\u011fretim kurslar\u0131) 7 \u015eubat 2025 Cuma g\u00fcn\u00fc 1 g\u00fcn m\u00fcddetle e\u011fitim-\u00f6\u011fretime orta verildi\u011fi, b\u00fcsb\u00fct\u00fcn ve k\u0131smen e\u011fitim ve \u00f6\u011fretime orta verilen il\u00e7elerde manisi olan ve gebe kamu vazifelilerinin de birebir g\u00fcn idari m\u00fcsaadeli say\u0131lacaklar\u0131 belirtildi.<\/span><\/p>\n<p><span>S\u0130VAS<\/span><br \/><span>Valilikten yap\u0131lan yaz\u0131l\u0131 a\u00e7\u0131klamada, vilayet genelinde olumsuz hava \u015fartlar\u0131n\u0131n tesirini s\u00fcrd\u00fcrd\u00fc\u011f\u00fc belirtilerek, &#8220;Ula\u015f\u0131mda olu\u015fabilecek risk ve tehlikelere kar\u015f\u0131 \u00f6nlem maksad\u0131yla, Sivas merkez il\u00e7eye ba\u011fl\u0131 k\u00f6ylerimizden ve beldelerimizden ta\u015f\u0131mal\u0131 e\u011fitim yolu ile eri\u015fim sa\u011flanan temel e\u011fitim ve orta\u00f6\u011fretim kurumlar\u0131nda ta\u015f\u0131mal\u0131 e\u011fitim-\u00f6\u011fretime 7 \u015eubat 2025 Cuma g\u00fcn\u00fc 1 g\u00fcn m\u00fchletle orta verilmi\u015ftir.&#8221; tabirleri kullan\u0131ld\u0131.A\u00e7\u0131klamada, ta\u015f\u0131mal\u0131 kapsam\u0131nda olmayan \u00f6\u011frenciler i\u00e7in e\u011fitim-\u00f6\u011fretimin ola\u011fan nizam\u0131nda devam edece\u011fi aktar\u0131ld\u0131.G\u00fcr\u00fcn il\u00e7esinde e\u011fitime orta verildi\u00d6te yandan G\u00fcr\u00fcn il\u00e7esinde a\u011f\u0131r kar ya\u011f\u0131\u015f\u0131 nedeniyle yar\u0131n e\u011fitime orta verildi.G\u00fcr\u00fcn Kaymakaml\u0131\u011f\u0131n\u0131n toplumsal medya hesab\u0131ndan yap\u0131lan payla\u015f\u0131mda, &#8220;Ya\u015fanabilecek kah\u0131rlar\u0131n \u00f6n\u00fcne ge\u00e7mek ve meydana gelebilecek risk ve aksiliklere kar\u015f\u0131 \u00f6nleyici \u00f6nlem olarak \u0130l\u00e7e H\u0131fz\u0131ss\u0131hha Kurulu karar\u0131 ile 7 \u015eubat Cuma g\u00fcn\u00fc birinci ve orta dereceli e\u011fitim g\u00f6ren \u00f6\u011frencilerimiz ve t\u00fcm okullar\u0131m\u0131z i\u00e7in e\u011fitim \u00f6\u011fretime orta verilmi\u015ftir.&#8221; tabirine yer verildi.Payla\u015f\u0131mda kamuda \u00e7al\u0131\u015fan engelli ve gebe \u00e7al\u0131\u015fan\u0131n t\u0131pk\u0131 g\u00fcn idari m\u00fcsaadeli say\u0131lacaklar\u0131 belirtildi.<\/span><\/p>\n<p><span>SAKARYA<\/span><br \/><span>Sakarya&#8217;da kar ya\u011f\u0131\u015f\u0131 ve olumsuz hava \u015fartlar\u0131 nedeniyle e\u011fitime 1 g\u00fcn orta verildi.Valilikten yap\u0131lan a\u00e7\u0131klamada, son meteorolojik de\u011ferlendirmelere nazaran kar ya\u011f\u0131\u015f\u0131n\u0131n tesirini art\u0131rarak s\u00fcrecek olmas\u0131 ve buzlanma tehlikesi nedeniyle 7 \u015eubat Cuma g\u00fcn\u00fc vilayet genelinde resmi, \u00f6zel t\u00fcm \u00f6rg\u00fcn ve yayg\u0131n e\u011fitim kurumlar\u0131nda (\u00fcniversiteler hari\u00e7) e\u011fitim \u00f6\u011fretime orta verildi\u011fi bildirildi.A\u00e7\u0131klamada kamu kurumlar\u0131nda \u00e7al\u0131\u015fan gebe, engelli ve kronik hastal\u0131\u011f\u0131 olan i\u015f\u00e7i ile anaokulu ve kre\u015flere devam eden \u00e7ocu\u011fu bulunan bayan i\u015f\u00e7inin de 1 g\u00fcn idari m\u00fcsaadeli say\u0131laca\u011f\u0131 belirtildi.<\/span><\/p>\n<p><span>KAYSER\u0130<\/span><br \/><span>Valilikten yap\u0131lan yaz\u0131l\u0131 a\u00e7\u0131klamada, Meteoroloji \u0130l M\u00fcd\u00fcrl\u00fc\u011f\u00fc bilgilerine nazaran, Kayseri genelinde devam eden kar ya\u011f\u0131\u015f\u0131n\u0131n yar\u0131n da g\u00f6r\u00fclece\u011fi ve gece saatlerinde a\u011f\u0131r buzlanma olu\u015faca\u011f\u0131, beklenen risklere kar\u015f\u0131 e\u011fitime bir g\u00fcn orta verildi\u011fi bildirildi.A\u00e7\u0131klamada, \u015fu tabirlere yer verildi:&#8221;Mevcut hava \u015fartlar\u0131 sebebiyle meydana gelebilecek m\u00fcmk\u00fcn aksilikleri \u00f6nlemek gayesiyle ta\u015f\u0131mal\u0131 e\u011fitim, vilayet merkezi ile il\u00e7eler ortas\u0131ndaki kamu \u00e7al\u0131\u015fanlar\u0131 ve \u00f6\u011frenci hareketlili\u011fi de dikkate al\u0131narak vilayet genelindeki, resmi \u00f6zel kre\u015fler, anaokullar\u0131, ilkokullar, ortaokullar, liseler, mesleksel e\u011fitim merkezleri, yayg\u0131n e\u011fitim kurumlar\u0131, olgunla\u015fma enstit\u00fcleri, \u00f6zel \u00f6\u011fretim kurslar\u0131, \u00f6zel e\u011fitim ve rehabilitasyon merkezlerinde valili\u011fimiz karar\u0131yla 7 \u015eubat 2025 tarihinde e\u011fitime orta verilmi\u015ftir. Okullarda e\u011fitime orta verilen g\u00fcnde kre\u015f, anaokulu ve ilkokula \u00e7ocu\u011fu devam eden bayan i\u015f\u00e7i (sa\u011fl\u0131k, g\u00fcvenlik ve 24 saat temeline nazaran hizmet veren \u00fcnitelerde \u00e7al\u0131\u015fan \u00e7al\u0131\u015fan\u0131n durumu hizmetin gere\u011fi olarak ilgili \u00fcnite amirleri taraf\u0131ndan de\u011ferlendirilecektir), malul, engelli, a\u011f\u0131r kronik rahats\u0131z ve gebe kamu \u00e7al\u0131\u015fanlar\u0131 da idari m\u00fcsaadeli say\u0131lacakt\u0131r.&#8221;<\/span><\/p>\n<p><span>S\u0130NOP<\/span><br \/><span>Sinop&#8217;ta valilikten yap\u0131lan yaz\u0131l\u0131 a\u00e7\u0131klamada, kentteki olumsuz hava \u015fartlar\u0131n\u0131n devam etti\u011fi vurguland\u0131. Kar ya\u011f\u0131\u015f\u0131 dolas\u0131yla \u00f6nleyici \u00f6nlem olarak kimi il\u00e7eler ile kent merkezinde ta\u015f\u0131mal\u0131 e\u011fitime orta verildi\u011fi aktar\u0131lan a\u00e7\u0131klamada, \u015funlar kaydedildi:&#8221;Ta\u015f\u0131ma yoluyla e\u011fitime eri\u015fim y\u00f6netmeli\u011fi \u00e7er\u00e7evesinde kent merkezi, Ayanc\u0131k, T\u00fcrkeli, Gerze, Erfelek, Dikmen ve Dura\u011fan il\u00e7elerinde t\u00fcm resmi ve \u00f6zel okullar ile \u00f6zel e\u011fitim kurumlar\u0131nda 7 \u015eubat Cuma g\u00fcn\u00fc e\u011fitim, \u00f6\u011fretime orta verilmi\u015ftir.&#8221;<\/span><\/p>\n<p><strong>G\u00dcM\u00dc\u015eHANE<\/strong><br \/><span>Konuyla ilgili G\u00fcm\u00fc\u015fhane Valili\u011fi&#8217;nden yap\u0131lan a\u00e7\u0131klamada &#8220;Meteorolojik varsay\u0131mlara nazaran, ilimiz genelinde olumsuz hava ko\u015fullar\u0131n\u0131n 7 \u015eubat 2025 tarihine kadar devam edecek olmas\u0131 ve hava s\u0131cakl\u0131\u011f\u0131n\u0131n d\u00fc\u015fmesine ba\u011fl\u0131 olarak yollarda olu\u015facak buzlanman\u0131n sebep olabilece\u011fi ula\u015f\u0131mdaki aksamalara binaen, Vilayet merkezi ve il\u00e7elerimizde Ulusal E\u011fitim Bakanl\u0131\u011f\u0131&#8217;na ba\u011fl\u0131 olarak faaliyet g\u00f6steren her cins ve derecedeki resmi\/\u00f6zel \u00f6rg\u00fcn ve yayg\u0131n e\u011fitim kurumlar\u0131, \u00f6zel e\u011fitim ve rehabilitasyon merkezleri, \u00f6zel e\u011fitim kurslar\u0131 ile \u00f6teki kamu, kurum kurulu\u015flar\u0131na ili\u015fkin kre\u015f ve okul \u00f6ncesi e\u011fitim kurumlar\u0131nda 7 \u015eubat 2025 Cuma g\u00fcn\u00fc bir g\u00fcn m\u00fchlet e\u011fitime orta verilmesine karar verilmi\u015ftir&#8221; denildi.Ayr\u0131ca kamu kurum ve kurulu\u015flar\u0131 \u00e7al\u0131\u015fanlar\u0131ndan; gebe, engelli, diyaliz hastalar\u0131 ile kalp ve b\u00f6brek yetmezli\u011fi, kanser vb. kronik a\u011f\u0131r hastal\u0131\u011f\u0131 olan memurlar ve \u00f6b\u00fcr kamu vazifelilerinin de 7 \u015eubat 2025 Cuma g\u00fcn\u00fc 1 g\u00fcn m\u00fchlet ile idari m\u00fcsaadeli say\u0131lacaklar\u0131 duyuruldu.<\/span><\/div>\n<div>Haber ile daha fazlas\u0131na ula\u015f\u0131n:<\/div>\n<div>G\u00fcndem<\/div>\n","protected":false},"excerpt":{"rendered":"<p>Kar tatili ile e\u011fitim \u00f6\u011fretime orta verilen vilayetler son dakika valilik a\u00e7\u0131klamalar\u0131 ile gelmeye devam ediyor. Yar\u0131n okullar tatil mi 7 \u015eubat 2025 Cuma g\u00fcn\u00fc i\u00e7in \u00f6\u011frenci ve veliler taraf\u0131ndan g\u00fcndeme geldi. Bilhassa yurt genelinde tesirli olan kar ya\u011f\u0131\u015f\u0131 nedeniyle, bir\u00e7ok vilayet ve il\u00e7ede per\u015fembe g\u00fcn\u00fc e\u011fitim \u00f6\u011fretime orta verilmesinin akabinde, 7 \u015eubat Cuma g\u00fcn\u00fc i\u00e7in de kar tatili beklentileri artt\u0131. Sinop, D\u00fczce, Kayseri, Latifeye, Bursa, Kocaeli&#8217;de yar\u0131n okullar\u0131n tatil edilip edilmedi g\u00fcndeme gelirken g\u00f6zler ve valilik a\u00e7\u0131klamalar\u0131na \u00e7evrildi. \u00d6te yandan Meteoroloji&#8217;nin son hava durumu iddialar\u0131na nazaran \u00c7anakkale, \u0130stanbul, Sakarya, Afyonkarahisar, K\u00fctahya, Eski\u015fehir, \u00c7ank\u0131r\u0131, D\u00fczce, Kastamonu, Zonguldak, Artvin, Samsun, Malatya, Gaziantep, Mardin, \u015eanl\u0131urfa \u00fczere bir\u00e7ok vilayette cuma g\u00fcn\u00fc kar ya\u011f\u0131\u015f\u0131 devam edecek. Vilayet valilikleri ya da kaymakaml\u0131klar okullar\u0131n tatil edildi\u011fi vilayetleri toplumsal medya hesaplar\u0131 ve internet adreslerinden kamuoyuna duyuruyor. Pekala, yar\u0131n okullar tatil mi edildi? Yar\u0131n okul<\/p>\n","protected":false},"author":1,"featured_media":15665,"comment_status":"open","ping_status":"open","sticky":false,"template":"","format":"standard","meta":{"footnotes":""},"categories":[10],"tags":[1698,107,193,81,1668],"class_list":["post-15664","post","type-post","status-publish","format-standard","has-post-thumbnail","hentry","category-basketbol","tag-egitim","tag-gun","tag-kamu","tag-kar","tag-okullar"],"_links":{"self":[{"href":"https:\/\/haberbesiktas.tr\/index.php?rest_route=\/wp\/v2\/posts\/15664","targetHints":{"allow":["GET"]}}],"collection":[{"href":"https:\/\/haberbesiktas.tr\/index.php?rest_route=\/wp\/v2\/posts"}],"about":[{"href":"https:\/\/haberbesiktas.tr\/index.php?rest_route=\/wp\/v2\/types\/post"}],"author":[{"embeddable":true,"href":"https:\/\/haberbesiktas.tr\/index.php?rest_route=\/wp\/v2\/users\/1"}],"replies":[{"embeddable":true,"href":"https:\/\/haberbesiktas.tr\/index.php?rest_route=%2Fwp%2Fv2%2Fcomments&post=15664"}],"version-history":[{"count":1,"href":"https:\/\/haberbesiktas.tr\/index.php?rest_route=\/wp\/v2\/posts\/15664\/revisions"}],"predecessor-version":[{"id":15666,"href":"https:\/\/haberbesiktas.tr\/index.php?rest_route=\/wp\/v2\/posts\/15664\/revisions\/15666"}],"wp:featuredmedia":[{"embeddable":true,"href":"https:\/\/haberbesiktas.tr\/index.php?rest_route=\/wp\/v2\/media\/15665"}],"wp:attachment":[{"href":"https:\/\/haberbesiktas.tr\/index.php?rest_route=%2Fwp%2Fv2%2Fmedia&parent=15664"}],"wp:term":[{"taxonomy":"category","embeddable":true,"href":"https:\/\/haberbesiktas.tr\/index.php?rest_route=%2Fwp%2Fv2%2Fcategories&post=15664"},{"taxonomy":"post_tag","embeddable":true,"href":"https:\/\/haberbesiktas.tr\/index.php?rest_route=%2Fwp%2Fv2%2Ftags&post=15664"}],"curies":[{"name":"wp","href":"https:\/\/api.w.org\/{rel}","templated":true}]}}