{"id":15679,"date":"2025-03-09T00:48:06","date_gmt":"2025-03-09T00:48:06","guid":{"rendered":"https:\/\/haberbesiktas.tr\/?p=15679"},"modified":"2025-03-09T00:48:06","modified_gmt":"2025-03-09T00:48:06","slug":"gassal-2-sezon-ne-zaman-basliyor-iste-beklenen-tarih","status":"publish","type":"post","link":"https:\/\/haberbesiktas.tr\/?p=15679","title":{"rendered":"Gassal 2. sezon ne zaman ba\u015fl\u0131yor? \u0130\u015fte beklenen tarih"},"content":{"rendered":"<div><span>Sel\u00e7uk Aydemir&#8217;in direkt\u00f6rl\u00fc\u011f\u00fcn\u00fc \u00fcstlendi\u011fi ve ba\u015frol\u00fcnde Ahmet Kural&#8217;\u0131n yer ald\u0131\u011f\u0131 Gassal dizisinin yeni d\u00f6nemiyle ilgili geli\u015fmeler g\u00fcndemde. Gassal 2. d\u00f6nem ne vakit \u00e7\u0131kacak, yeni d\u00f6nem olacak m\u0131 \u00fczere sorular s\u0131kl\u0131kla sorulurken dizinin hayranlar\u0131 2. d\u00f6nem i\u00e7in tarih verilmesini bekliyor.<\/span><\/p>\n<p><strong>GASSAL D\u0130Z\u0130S\u0130 2. D\u00d6NEM NE VAK\u0130T?<br \/><\/strong><br \/><span>Gassal dizisinin 2. d\u00f6nemiyle ilgili resmi bir yay\u0131n tarihi \u015fimdi a\u00e7\u0131klanmad\u0131. Lakin kulislerden al\u0131nan bilgilere nazaran Haziran 2025 tarihinde Al\u0131\u015f\u0131lm\u0131\u015f platformunda yay\u0131nlanaca\u011f\u0131 g\u00fcndeme geldi. Yeni d\u00f6nemde izleyicilerin, daha derinlemesine i\u015flenmi\u015f bir k\u0131ssa ve geni\u015fletilmi\u015f bir karakter a\u011f\u0131 ile kar\u015f\u0131la\u015faca\u011f\u0131 iddia ediliyor.<\/span><\/p>\n<p><strong>GASSAL D\u0130Z\u0130S\u0130 OYUNCULARI K\u0130MLER?<br \/><\/strong><br \/><span>Ba\u015far\u0131l\u0131 oyuncu Ahmet Kural&#8217;\u0131n ba\u015frol\u00fcn\u00fc \u00fcstlendi\u011fi dizide, Sibel Aytan, Muharrem T\u00fcrkseven, Ezgi \u00d6zy\u00fcreko\u011flu ve Serkan Ercan \u00fczere de\u011ferli isimler de yer al\u0131yor.<\/span><\/p>\n<p><span>Gassal dizisinin senaryosu S\u00fcmeyye Karaaslan&#8217;a aitken, direkt\u00f6r koltu\u011funda ise Sel\u00e7uk Aydemir oturuyor.<\/span><\/p>\n<p><span>Dizi, s\u0131rf \u00f6yk\u00fcs\u00fcyle de\u011fil, t\u0131pk\u0131 vakitte reklam afi\u015fleriyle de dikkatleri \u00fczerine \u00e7ekti. Bilhassa &#8220;\u00d6l\u00fcnce beni kim y\u0131kayacak?&#8221; slogan\u0131 bir\u00e7ok izleyicinin ilgisini \u00e7ekti ve toplumsal medyada geni\u015f yank\u0131 uyand\u0131rd\u0131.<\/span><\/div>\n<div>Haber ile daha fazlas\u0131na ula\u015f\u0131n:<\/div>\n<div>Gassal<\/div>\n<div>G\u00fcndem<\/div>\n","protected":false},"excerpt":{"rendered":"<p>TRT&#8217;nin dijital platformu Tabii&#8217;de izleyicilerle bulu\u015fan Gassal dizisi, farkl\u0131 konusu ve \u00e7arp\u0131c\u0131 afi\u015fleriyle b\u00fcy\u00fck bir tesir do\u011furdu. Birinci d\u00f6nemi 21 Aral\u0131k 2024 tarihinde yay\u0131nlanan dizi, izleyicilerden tam not ald\u0131. Yay\u0131nlanan 10 k\u0131sm\u0131 s\u00fcratle t\u00fcketen dizi takip\u00e7ileri art\u0131k ise Gassal 2. d\u00f6nem ne vakit yay\u0131nlanacak merak ediyor.<\/p>\n","protected":false},"author":1,"featured_media":15680,"comment_status":"open","ping_status":"open","sticky":false,"template":"","format":"standard","meta":{"footnotes":""},"categories":[10],"tags":[1706,57],"class_list":["post-15679","post","type-post","status-publish","format-standard","has-post-thumbnail","hentry","category-basketbol","tag-gassal-dizisi","tag-sezon"],"_links":{"self":[{"href":"https:\/\/haberbesiktas.tr\/index.php?rest_route=\/wp\/v2\/posts\/15679","targetHints":{"allow":["GET"]}}],"collection":[{"href":"https:\/\/haberbesiktas.tr\/index.php?rest_route=\/wp\/v2\/posts"}],"about":[{"href":"https:\/\/haberbesiktas.tr\/index.php?rest_route=\/wp\/v2\/types\/post"}],"author":[{"embeddable":true,"href":"https:\/\/haberbesiktas.tr\/index.php?rest_route=\/wp\/v2\/users\/1"}],"replies":[{"embeddable":true,"href":"https:\/\/haberbesiktas.tr\/index.php?rest_route=%2Fwp%2Fv2%2Fcomments&post=15679"}],"version-history":[{"count":1,"href":"https:\/\/haberbesiktas.tr\/index.php?rest_route=\/wp\/v2\/posts\/15679\/revisions"}],"predecessor-version":[{"id":15681,"href":"https:\/\/haberbesiktas.tr\/index.php?rest_route=\/wp\/v2\/posts\/15679\/revisions\/15681"}],"wp:featuredmedia":[{"embeddable":true,"href":"https:\/\/haberbesiktas.tr\/index.php?rest_route=\/wp\/v2\/media\/15680"}],"wp:attachment":[{"href":"https:\/\/haberbesiktas.tr\/index.php?rest_route=%2Fwp%2Fv2%2Fmedia&parent=15679"}],"wp:term":[{"taxonomy":"category","embeddable":true,"href":"https:\/\/haberbesiktas.tr\/index.php?rest_route=%2Fwp%2Fv2%2Fcategories&post=15679"},{"taxonomy":"post_tag","embeddable":true,"href":"https:\/\/haberbesiktas.tr\/index.php?rest_route=%2Fwp%2Fv2%2Ftags&post=15679"}],"curies":[{"name":"wp","href":"https:\/\/api.w.org\/{rel}","templated":true}]}}