{"id":15682,"date":"2025-03-09T01:00:06","date_gmt":"2025-03-09T01:00:06","guid":{"rendered":"https:\/\/haberbesiktas.tr\/?p=15682"},"modified":"2025-03-09T01:00:06","modified_gmt":"2025-03-09T01:00:06","slug":"gelin-evi-sunucusu-neden-yok-ezgi-sertel-gelin-evinden-ayrildi-mi-kim-olacak","status":"publish","type":"post","link":"https:\/\/haberbesiktas.tr\/?p=15682","title":{"rendered":"Gelin Evi sunucusu neden yok? Ezgi Sertel Gelin Evi&#8217;nden ayr\u0131ld\u0131 m\u0131, kim olacak?"},"content":{"rendered":"<div>Gelin Konutu&#8217;nun son k\u0131sm\u0131nda sunucu Ezgi Sertel&#8217;in olmamas\u0131 \u015fa\u015fk\u0131nl\u0131k yaratt\u0131. Pekala,\u00a0Ezgi Sertel Gelin Konutu&#8217;ndan ayr\u0131ld\u0131 m\u0131? Gelin Konutu Ezgi Sertel neden yok? \u0130\u015fte ayr\u0131nt\u0131lar&#8230;<\/p>\n<p><strong>Ezgi Sertel Gelin Konutu&#8217;ndan ayr\u0131ld\u0131 m\u0131? Gelin Konutu Ezgi Sertel neden yok?<\/strong><\/p>\n<p><span>Bu hafta programa Ezgi Sertel&#8217;in kat\u0131lmamas\u0131 izleyiciler i\u00e7in s\u00fcrpriz oldu. Hafta i\u00e7i her g\u00fcn saat 12:30&#8217;da yay\u0131mlanan program\u0131n yeni k\u0131s\u0131mlar\u0131nda Sertel&#8217;in yer almamas\u0131 \u015fa\u015fk\u0131nl\u0131k yaratt\u0131. Lakin, \u015fu ana kadar ne Ezgi Sertel&#8217;den ne de \u00fcretim grubundan bir resmi a\u00e7\u0131klama yap\u0131lmad\u0131. Sertel&#8217;in ayr\u0131ld\u0131\u011f\u0131 taraf\u0131nda bir bilgi \u015fimdi do\u011frulanmad\u0131, geli\u015fmeler hayli bu durum netle\u015fecektir.<\/p>\n<p><span><strong>Gelin Meskeni sunucusu neden yok?<\/strong><\/p>\n<p>Ezgi Sertel&#8217;in ayr\u0131l\u0131\u011f\u0131 sonras\u0131nda m\u00fcsabaka bir m\u00fcddettir d\u0131\u015f sesin programda sordu\u011fu sorular ile ilerlemeye devam ediyor. Yeni sunucunun kim olaca\u011f\u0131 ise \u015fimdi a\u00e7\u0131klanmad\u0131.<\/span><\/p>\n<p><strong>Gelin Konutu s<strong>unucu kim olacak?<\/strong><br \/><\/strong><br \/><span>Yeni k\u0131s\u0131mlar\u0131 ile hafta i\u00e7i her g\u00fcn Show TV ekran\u0131nda yay\u0131nlanan program\u0131n sunuculu\u011funu kimin \u00fcstlenece\u011fi \u015fimdi a\u00e7\u0131klanmad\u0131. Program\u0131n yeni sunucusu a\u015fik\u00e2r oldu\u011funda haberimiz g\u00fcncellenecektir.<\/span><\/span><\/p>\n<p><span><strong>Ezgi Sertel kimdir? <\/strong><\/p>\n<p>Ezgi Sertel, m\u00fchendislik k\u0131sm\u0131ndan mezun olmu\u015f ve televizyon mesle\u011fine oyunculukla ad\u0131m atm\u0131\u015ft\u0131r. 2007 y\u0131l\u0131nda Samanyolu TV&#8217;de yay\u0131mlanan Tek T\u00fcrkiye dizisinde canland\u0131rd\u0131\u011f\u0131 Zeynep \u00d6\u011fretmen karakteri ile tan\u0131nm\u0131\u015ft\u0131r. Akabinde Ya\u011fmurdan Sonra dizisinde Leyla \u00d6\u011fretmen rol\u00fcyle izleyici kar\u015f\u0131s\u0131na \u00e7\u0131km\u0131\u015ft\u0131r. Sunuculuk mesle\u011fine ge\u00e7i\u015f yapan Sertel, Show TV&#8217;de yay\u0131mlanan Lezzet Haritas\u0131 program\u0131yla Anadolu&#8217;nun bir\u00e7ok kentini dola\u015farak y\u00f6resel yemekleri ve k\u00fclt\u00fcrleri tan\u0131tm\u0131\u015ft\u0131r. Ayr\u0131yeten, 2020&#8217;de TRT 1&#8217;de yay\u0131mlanan Fazlas\u0131 Ziyan yar\u0131\u015f program\u0131n\u0131n sunuculu\u011funu yapm\u0131\u015ft\u0131r.<\/span><\/p>\n<p><span>Ezgi Sertel, oyuncu Ozan \u00c7obano\u011flu ile evlidir. Ocak 2020&#8217;de ikiz erkek \u00e7ocuklar\u0131 Tibet ve Mert d\u00fcnyaya gelmi\u015ftir.<\/span><\/div>\n<div>Haber ile daha fazlas\u0131na ula\u015f\u0131n:<\/div>\n<div>G\u00fcndem<\/div>\n","protected":false},"excerpt":{"rendered":"<p>Show TV ekranlar\u0131nda yay\u0131mlanan Gelin Konutu program\u0131n\u0131n sunucusu Ezgi Sertel&#8217;in bu hafta programda yer almamas\u0131 izleyicilerde merak uyand\u0131rd\u0131. \u0130zleyiciler, &#8220;Gelin Meskeni Ezgi Sertel neden yok?&#8221; sorusunu ara\u015ft\u0131rmaya ba\u015flad\u0131lar. Pekala, Gelin Konutu sunucusu neden yok? Ezgi Sertel Gelin Konutu&#8217;ndan ayr\u0131ld\u0131 m\u0131, kim olacak?<\/p>\n","protected":false},"author":1,"featured_media":15683,"comment_status":"open","ping_status":"open","sticky":false,"template":"","format":"standard","meta":{"footnotes":""},"categories":[10],"tags":[1707,1709,1708],"class_list":["post-15682","post","type-post","status-publish","format-standard","has-post-thumbnail","hentry","category-basketbol","tag-ezgi-sertel","tag-gelin-evi","tag-sunucu"],"_links":{"self":[{"href":"https:\/\/haberbesiktas.tr\/index.php?rest_route=\/wp\/v2\/posts\/15682","targetHints":{"allow":["GET"]}}],"collection":[{"href":"https:\/\/haberbesiktas.tr\/index.php?rest_route=\/wp\/v2\/posts"}],"about":[{"href":"https:\/\/haberbesiktas.tr\/index.php?rest_route=\/wp\/v2\/types\/post"}],"author":[{"embeddable":true,"href":"https:\/\/haberbesiktas.tr\/index.php?rest_route=\/wp\/v2\/users\/1"}],"replies":[{"embeddable":true,"href":"https:\/\/haberbesiktas.tr\/index.php?rest_route=%2Fwp%2Fv2%2Fcomments&post=15682"}],"version-history":[{"count":1,"href":"https:\/\/haberbesiktas.tr\/index.php?rest_route=\/wp\/v2\/posts\/15682\/revisions"}],"predecessor-version":[{"id":15684,"href":"https:\/\/haberbesiktas.tr\/index.php?rest_route=\/wp\/v2\/posts\/15682\/revisions\/15684"}],"wp:featuredmedia":[{"embeddable":true,"href":"https:\/\/haberbesiktas.tr\/index.php?rest_route=\/wp\/v2\/media\/15683"}],"wp:attachment":[{"href":"https:\/\/haberbesiktas.tr\/index.php?rest_route=%2Fwp%2Fv2%2Fmedia&parent=15682"}],"wp:term":[{"taxonomy":"category","embeddable":true,"href":"https:\/\/haberbesiktas.tr\/index.php?rest_route=%2Fwp%2Fv2%2Fcategories&post=15682"},{"taxonomy":"post_tag","embeddable":true,"href":"https:\/\/haberbesiktas.tr\/index.php?rest_route=%2Fwp%2Fv2%2Ftags&post=15682"}],"curies":[{"name":"wp","href":"https:\/\/api.w.org\/{rel}","templated":true}]}}