{"id":15685,"date":"2025-03-09T01:12:05","date_gmt":"2025-03-09T01:12:05","guid":{"rendered":"https:\/\/haberbesiktas.tr\/?p=15685"},"modified":"2025-03-09T01:12:05","modified_gmt":"2025-03-09T01:12:05","slug":"ucak-seferleri-iptal-mi-7-subat-2025-pegasus-thy-ajet","status":"publish","type":"post","link":"https:\/\/haberbesiktas.tr\/?p=15685","title":{"rendered":"U\u00e7ak seferleri iptal mi? 7 \u015eubat 2025 Pegasus-THY-Ajet"},"content":{"rendered":"<div>Olumsuz hava \u015fartlar\u0131, deniz yolu ula\u015f\u0131m\u0131n\u0131 sekteye u\u011frat\u0131rken g\u00f6zler hava yolu ula\u015f\u0131m\u0131ndaki son duruma \u00e7evrildi. \u0130stanbul&#8217;da tesirli olan lodosun ilerleyen saatlerde \u015fiddetini art\u0131rmas\u0131 beklenirken THY-Pegasus iptal edilen u\u00e7ak seferleri ara\u015ft\u0131rmalar\u0131 da s\u00fcrat kazand\u0131. \u0130stanbul Havaliman\u0131 ve Sabiha G\u00f6k\u00e7en Havaliman\u0131nda sefer iptalleri olup olmad\u0131\u011f\u0131 merak konusu oldu. \u0130\u015fte 7 \u015eubat 2025 iptal olan seferler listesi&#8230;<\/p>\n<p><strong>U\u00c7AK SEFERLER\u0130 \u0130PTAL M\u0130?<\/strong><\/p>\n<p>\u0130stanbul&#8217;da kar ya\u011f\u0131\u015f\u0131 nedeniyle ya\u015fanabilecek aksiliklere kar\u015f\u0131 tedbir alan Sabiha G\u00f6k\u00e7en Havaliman\u0131&#8217;nda u\u00e7u\u015flarda seyrelme ger\u00e7ekle\u015fti.<\/p>\n<p>Yap\u0131lan a\u00e7\u0131klamada, &#8221; Meteorolojik \u015fartlar nedeniyle 06.02.2025 tarihi i\u00e7in yap\u0131lm\u0131\u015f olan y\u00fczde 10 u\u00e7u\u015f iptaline ek olarak kalan u\u00e7u\u015flar\u0131n y\u00fczde 20&#8217;si ve 07.02.2025 tarihindeki u\u00e7u\u015flar\u0131n y\u00fczde 10&#8217;u iptal edilecektir.&#8221; tabirleri yer ald\u0131.<\/p>\n<p><strong>U\u00c7U\u015eLAR \u0130PTAL M\u0130 OLDU?<\/strong><br \/>\u0130stanbul&#8217;daki hava kurallar\u0131 ve kar ya\u011f\u0131\u015f\u0131 nedeniyle Ula\u015ft\u0131rma ve Alt yap\u0131 Bakanl\u0131\u011f\u0131, \u0130stanbul Havaliman\u0131 ve Sabiha G\u00f6k\u00e7en Havalimanlar\u0131nda kimi u\u00e7u\u015flar\u0131n iptal edildi\u011fini a\u00e7\u0131klad\u0131.<\/p>\n<p>Toplant\u0131da al\u0131nan karara nazaran, \u0130stanbul Havaliman\u0131&#8217;nda T\u00fcrk Hava Yollar\u0131&#8217;n\u0131n, d\u00fcn i\u00e7in y\u00fczde 5&#8217;e kadar (yakla\u015f\u0131k 50 sefer), bug\u00fcn i\u00e7in ise ise y\u00fczde 10&#8217;a kadar (yakla\u015f\u0131k 100 sefer) u\u00e7u\u015f iptaline karar verildi.<\/p>\n<p>Sabiha G\u00f6k\u00e7en Havaliman\u0131&#8217;nda ise d\u00fcn y\u00fczde 10 sefer iptalinin k\u00e2fi oldu\u011fu, bug\u00fcn i\u00e7in ise y\u00fczde 10 iptal oran\u0131na ek olarak y\u00fczde 20 sefer iptali daha yap\u0131lmas\u0131na, Cuma g\u00fcn\u00fc i\u00e7in ise y\u00fczde 10 sefer iptali yap\u0131lacak.<\/p>\n<p>Ajet&#8217;in d\u00fcn 21, bug\u00fcn 61 ve Cuma g\u00fcn\u00fc 22 seferi iptal edilirken, Pegasus&#8217;un ise d\u00fcn 43, bug\u00fcn 123 ve Cuma g\u00fcn\u00fc 44 seferi iptal edildi.<\/p>\n<p><strong>AJET U\u00c7AK SEFERLER\u0130 \u0130PTAL M\u0130?<\/strong><br \/>Ajet&#8217;in d\u00fcn 21, bug\u00fcn 61 ve Cuma g\u00fcn\u00fc 22 seferi iptal edildi.<\/p>\n<p>Konuyla ilgili olarak AJet Bas\u0131n M\u00fc\u015favirli\u011fi&#8217;nden yap\u0131lan a\u00e7\u0131klamada, &#8220;Olumsuz hava \u015fartlar\u0131 nedeni ile Meteorolojik Acil Durum Komitesi&#8217;nin (MADKOM) u\u00e7u\u015flar\u0131n iptal edilmesi karar\u0131na istinaden; 5 \u015eubat, 6 \u015eubat ve 7 \u015eubat tarihlerinde \u0130stanbul Sabiha G\u00f6k\u00e7en Havaliman\u0131 kalk\u0131\u015fl\u0131 ve var\u0131\u015fl\u0131 birtak\u0131m seferlerimiz iptal edilmi\u015ftir. Konuklar\u0131m\u0131z iptal edilen sefer bilgilerine ve u\u00e7u\u015flar\u0131n\u0131n durumuyla ilgili \u015fimdiki bilgiye, ajet.com ve ta\u015f\u0131nabilir uygulamam\u0131zdaki u\u00e7u\u015f sorgulama ekran\u0131 \u00fczerinden ula\u015fabilir&#8221; denildi.<\/p>\n<p><strong>\u00a0THY \u0130PTAL U\u00c7AK SEFER\u0130 NASIL \u00d6\u011eREN\u0130L\u0130R?<\/strong><br \/>\u0130stanbul Havaliman\u0131&#8217;nda T\u00fcrk Hava Yollar\u0131&#8217;nda d\u00fcn y\u00fczde 5&#8217;e kadar yani yakla\u015f\u0131k 50 sefer, bug\u00fcn i\u00e7in ise ise y\u00fczde 10&#8217;a kadar (yakla\u015f\u0131k 100 sefer) u\u00e7u\u015f iptaline karar verildi.<\/p>\n<p>THY u\u00e7ak iptallerini a\u015fa\u011f\u0131daki ekrandan \u00f6\u011frenebilirsiniz.<strong><br \/><\/strong><\/div>\n<div>Haber ile daha fazlas\u0131na ula\u015f\u0131n:<\/div>\n<div>G\u00fcndem<\/div>\n","protected":false},"excerpt":{"rendered":"<p>Son dakika&#8230; U\u00e7u\u015flar iptal mi? THY &#8211; Pegasus iptal edilen u\u00e7ak seferler listesi, \u0130stanbul&#8217;u tesiri alt\u0131na alan lodosun akabinde ara\u015ft\u0131r\u0131lmaya ba\u015fland\u0131. 7 \u015eubat 2025 olumsuz hava \u015fartlar\u0131 sebebiyle \u0130stanbul Deniz Otob\u00fcsleri \u0130DO ve Bursa Deniz Otob\u00fcsleri BUDO seferleri iptal edilirken g\u00f6zler THY ve Pegasus&#8217;tan gelecek son dakika a\u00e7\u0131klamas\u0131na \u00e7evrildi. \u0130\u015fte 7 \u015eubat 2025 THY-Pegasus iptal olan u\u00e7ak seferleri listesi sorgulama ekran\u0131&#8230;<\/p>\n","protected":false},"author":1,"featured_media":15686,"comment_status":"open","ping_status":"open","sticky":false,"template":"","format":"standard","meta":{"footnotes":""},"categories":[10],"tags":[1489,79,1157,1710,1711],"class_list":["post-15685","post","type-post","status-publish","format-standard","has-post-thumbnail","hentry","category-basketbol","tag-hava","tag-iptal","tag-istanbul","tag-sefer","tag-ucus"],"_links":{"self":[{"href":"https:\/\/haberbesiktas.tr\/index.php?rest_route=\/wp\/v2\/posts\/15685","targetHints":{"allow":["GET"]}}],"collection":[{"href":"https:\/\/haberbesiktas.tr\/index.php?rest_route=\/wp\/v2\/posts"}],"about":[{"href":"https:\/\/haberbesiktas.tr\/index.php?rest_route=\/wp\/v2\/types\/post"}],"author":[{"embeddable":true,"href":"https:\/\/haberbesiktas.tr\/index.php?rest_route=\/wp\/v2\/users\/1"}],"replies":[{"embeddable":true,"href":"https:\/\/haberbesiktas.tr\/index.php?rest_route=%2Fwp%2Fv2%2Fcomments&post=15685"}],"version-history":[{"count":1,"href":"https:\/\/haberbesiktas.tr\/index.php?rest_route=\/wp\/v2\/posts\/15685\/revisions"}],"predecessor-version":[{"id":15687,"href":"https:\/\/haberbesiktas.tr\/index.php?rest_route=\/wp\/v2\/posts\/15685\/revisions\/15687"}],"wp:featuredmedia":[{"embeddable":true,"href":"https:\/\/haberbesiktas.tr\/index.php?rest_route=\/wp\/v2\/media\/15686"}],"wp:attachment":[{"href":"https:\/\/haberbesiktas.tr\/index.php?rest_route=%2Fwp%2Fv2%2Fmedia&parent=15685"}],"wp:term":[{"taxonomy":"category","embeddable":true,"href":"https:\/\/haberbesiktas.tr\/index.php?rest_route=%2Fwp%2Fv2%2Fcategories&post=15685"},{"taxonomy":"post_tag","embeddable":true,"href":"https:\/\/haberbesiktas.tr\/index.php?rest_route=%2Fwp%2Fv2%2Ftags&post=15685"}],"curies":[{"name":"wp","href":"https:\/\/api.w.org\/{rel}","templated":true}]}}