{"id":15688,"date":"2025-03-09T01:24:07","date_gmt":"2025-03-09T01:24:07","guid":{"rendered":"https:\/\/haberbesiktas.tr\/?p=15688"},"modified":"2025-03-09T01:24:07","modified_gmt":"2025-03-09T01:24:07","slug":"istanbula-kar-yagacak-mi-ne-zaman-yagacak-2025","status":"publish","type":"post","link":"https:\/\/haberbesiktas.tr\/?p=15688","title":{"rendered":"\u0130stanbul&#8217;a kar ya\u011facak m\u0131, ne zaman ya\u011facak? 2025"},"content":{"rendered":"<div>K\u0131\u015f aylar\u0131na girmemizle birlikte vatanda\u015flar \u0130stanbul&#8217;da kar ya\u011facak vakti beklemeye ba\u015flad\u0131. Bug\u00fcn AKOM taraf\u0131ndan yap\u0131lan ihtara nazaran \u0130stanbul&#8217;a kar geliyor.<\/p>\n<p><strong>\u0130stanbul&#8217;a kar ya\u011facak m\u0131, ne vakit ya\u011facak? 2025<\/strong><\/p>\n<p>Meteoroloji Genel M\u00fcd\u00fcrl\u00fc\u011f\u00fc&#8217;n\u00fcn son de\u011ferlendirmelerine nazaran, \u0130stanbul&#8217;da kar ya\u011f\u0131\u015f\u0131n\u0131n 6-7 \u015eubat 2025 tarihleri ortas\u0131nda tesirli olmas\u0131 bekleniyor.<\/p>\n<p><span>CNN T\u00fcrk Meteoroloji Dan\u0131\u015fman\u0131 Prof. Dr. Orhan \u015een, Ocak ve \u015eubat aylar\u0131nda \u0130stanbul&#8217;da kar ya\u011f\u0131\u015f\u0131 ihtimalinin y\u00fcksek oldu\u011funu belirterek, bilhassa s\u00f6mestr tatili devrine yak\u0131n g\u00fcnlerde kar ya\u011f\u0131\u015f\u0131n\u0131n g\u00f6r\u00fclebilece\u011fini s\u00f6z etti. \u015een, &#8220;E\u011fer atmosferdeki \u015fartlarda bir de\u011fi\u015fiklik olmazsa \u0130stanbul&#8217;da bu tarihlerde kar ya\u011f\u0131\u015f\u0131 g\u00f6rebiliriz. Lakin kar ya\u011f\u0131\u015f\u0131n\u0131n \u015fiddetini \u015fimdiden kestirmek m\u00fcmk\u00fcn de\u011fil,&#8221; dedi.<\/span><\/p>\n<\/div>\n<div>Haber ile daha fazlas\u0131na ula\u015f\u0131n:<\/div>\n<div>G\u00fcndem<\/div>\n","protected":false},"excerpt":{"rendered":"<p>2025 k\u0131\u015f mevsimi, T\u00fcrkiye genelinde so\u011fuk hava dalgalar\u0131 ve kar ya\u011f\u0131\u015flar\u0131yla dikkat \u00e7ekiyor. Meteoroloji uzmanlar\u0131, bilhassa Ocak ve \u015eubat aylar\u0131nda \u0130stanbul&#8217;da kar ya\u011f\u0131\u015f\u0131 ihtimalinin y\u00fcksek oldu\u011funu belirtiyor. Bu devirde, Sibirya ve Balkanlar \u00fczerinden gelen so\u011fuk hava dalgalar\u0131n\u0131n tesirli olmas\u0131 bekleniyor. Pekala, \u0130stanbul&#8217;a kar ya\u011facak m\u0131, ne vakit ya\u011facak?<\/p>\n","protected":false},"author":1,"featured_media":15689,"comment_status":"open","ping_status":"open","sticky":false,"template":"","format":"standard","meta":{"footnotes":""},"categories":[10],"tags":[1669],"class_list":["post-15688","post","type-post","status-publish","format-standard","has-post-thumbnail","hentry","category-basketbol","tag-kar-yagisi"],"_links":{"self":[{"href":"https:\/\/haberbesiktas.tr\/index.php?rest_route=\/wp\/v2\/posts\/15688","targetHints":{"allow":["GET"]}}],"collection":[{"href":"https:\/\/haberbesiktas.tr\/index.php?rest_route=\/wp\/v2\/posts"}],"about":[{"href":"https:\/\/haberbesiktas.tr\/index.php?rest_route=\/wp\/v2\/types\/post"}],"author":[{"embeddable":true,"href":"https:\/\/haberbesiktas.tr\/index.php?rest_route=\/wp\/v2\/users\/1"}],"replies":[{"embeddable":true,"href":"https:\/\/haberbesiktas.tr\/index.php?rest_route=%2Fwp%2Fv2%2Fcomments&post=15688"}],"version-history":[{"count":1,"href":"https:\/\/haberbesiktas.tr\/index.php?rest_route=\/wp\/v2\/posts\/15688\/revisions"}],"predecessor-version":[{"id":15690,"href":"https:\/\/haberbesiktas.tr\/index.php?rest_route=\/wp\/v2\/posts\/15688\/revisions\/15690"}],"wp:featuredmedia":[{"embeddable":true,"href":"https:\/\/haberbesiktas.tr\/index.php?rest_route=\/wp\/v2\/media\/15689"}],"wp:attachment":[{"href":"https:\/\/haberbesiktas.tr\/index.php?rest_route=%2Fwp%2Fv2%2Fmedia&parent=15688"}],"wp:term":[{"taxonomy":"category","embeddable":true,"href":"https:\/\/haberbesiktas.tr\/index.php?rest_route=%2Fwp%2Fv2%2Fcategories&post=15688"},{"taxonomy":"post_tag","embeddable":true,"href":"https:\/\/haberbesiktas.tr\/index.php?rest_route=%2Fwp%2Fv2%2Ftags&post=15688"}],"curies":[{"name":"wp","href":"https:\/\/api.w.org\/{rel}","templated":true}]}}