{"id":15707,"date":"2025-03-09T02:36:07","date_gmt":"2025-03-09T02:36:07","guid":{"rendered":"https:\/\/haberbesiktas.tr\/?p=15707"},"modified":"2025-03-09T02:36:07","modified_gmt":"2025-03-09T02:36:07","slug":"batshuayi-neden-ayriliyorum-bilmem-2","status":"publish","type":"post","link":"https:\/\/haberbesiktas.tr\/?p=15707","title":{"rendered":"Batshuayi: &#8220;Neden ayr\u0131l\u0131yorum, bilmem&#8221;"},"content":{"rendered":"<div>Galatasaray&#8217;dan Eintracht Frankfurt&#8217;a transfer olan Michy Batshuayi, samimi a\u00e7\u0131klamalar yapt\u0131.<\/p>\n<p> Batshuayi, &#8220;Bel\u00e7ika&#8217;dan arkada\u015f\u0131m Arthur Theate&#8217;ye te\u015fekk\u00fcr bor\u00e7luyum, zira bu transferde de\u011ferli bir rol oynad\u0131. Transfer tamamlanmadan evvel kul\u00fcp ve burada i\u015flerin nas\u0131l y\u00fcr\u00fcd\u00fc\u011f\u00fc hakk\u0131nda konu\u015ftuk. G\u00f6r\u00fcn\u00fc\u015fe nazaran teknik y\u00f6netici Dino Toppm\u00f6ller&#8217;e benim hakk\u0131mda daha fazla bilgi vermi\u015f, zira benim hakk\u0131mda soru i\u015faretleri varm\u0131\u015f.&#8221; s\u00f6zlerini kulland\u0131.<\/p>\n<p> <strong>&#8220;TEKN\u0130K D\u0130REKT\u00d6RLER\u0130ME SORUN&#8221;<\/strong><\/p>\n<p> Bel\u00e7ikal\u0131 y\u0131ld\u0131z, kendisine y\u00f6neltilen &#8216;Son y\u0131llarda neden bu kadar \u00e7ok kul\u00fcp de\u011fi\u015ftiriyorsun?&#8217; sorusuna ise &#8220;<strong>Oynad\u0131\u011f\u0131m her kul\u00fcpte ba\u015far\u0131l\u0131 oldum. Maalesef neden bu kadar s\u0131k kul\u00fcp de\u011fi\u015ftirdi\u011fimi bilmiyorum. Bunun nedenini teknik direkt\u00f6rlerime sormal\u0131s\u0131n\u0131z. Her vakit olumlu olmaya, profesyonel olmaya ve g\u00fczel bir izlenim b\u0131rakmaya \u00e7al\u0131\u015ft\u0131m.<\/strong>&#8221; yan\u0131t\u0131n\u0131 verdi.<\/p>\n<p> <strong>&#8220;FRANKFURT&#8217;A GELMEK G\u00dc\u00c7 KARAR DE\u011e\u0130LD\u0130&#8221;<\/strong><\/p>\n<p> Frankfurt formas\u0131yla alana \u00e7\u0131kmay\u0131 d\u00f6rt g\u00f6zle bekledi\u011fini belirten Batshuayi, &#8220;Frankfurt&#8217;ta oldu\u011fum i\u00e7in \u00e7ok memnunum ve teknik y\u00f6neticinin inanc\u0131n\u0131 \u00e7abucak hissedebiliyorum. Frankfurt b\u00fcy\u00fck bir kul\u00fcp, bu y\u00fczden buraya gelip oynamak s\u0131k\u0131nt\u0131 bir karar de\u011fildi. Kadro i\u00e7in de\u011ferli olmak, gol atmak, asist yapmak ve m\u00fcmk\u00fcn oldu\u011funca \u00e7ok ma\u00e7 kazanmak istiyorum. \u015eayet \u015eampiyonlar Ligi&#8217;ne kat\u0131lmaya hak kazan\u0131rsak, bizim i\u00e7in d\u00fczg\u00fcn bir d\u00f6nem olacak&#8221; diyerek kelamlar\u0131n\u0131 tamamlad\u0131.<\/p>\n<p> <strong>FRANKFURT, L\u0130GDE 3. SIRADA<\/strong><\/p>\n<p> Frankfurt, \u015fu anda Bundesliga&#8217;da \u00fc\u00e7\u00fcnc\u00fc s\u0131rada yer al\u0131yor ve Avrupa Ligi&#8217;nin favorileri ortas\u0131nda g\u00f6steriliyor.<\/p>\n<p><img decoding=\"async\" src=\"https:\/\/haberbesiktas.tr\/wp-content\/uploads\/2025\/03\/batshuayi-neden-ayriliyorum-bilmem-0-piDOCWmG.jpg\"\/><\/p>\n<\/div>\n","protected":false},"excerpt":{"rendered":"<p>Galatasaray&#8217;dan Eintracht Frankfurt&#8217;a transfer olan Michy Batshuayi, &#8220;Maalesef neden bu kadar s\u0131k kul\u00fcp de\u011fi\u015ftirdi\u011fimi bilmiyorum. Bunun nedenini teknik direkt\u00f6rlerime sormal\u0131s\u0131n\u0131z.&#8221; dedi.<\/p>\n","protected":false},"author":1,"featured_media":15708,"comment_status":"open","ping_status":"open","sticky":false,"template":"","format":"standard","meta":{"footnotes":""},"categories":[10],"tags":[722,543],"class_list":["post-15707","post","type-post","status-publish","format-standard","has-post-thumbnail","hentry","category-basketbol","tag-frankfurt","tag-kulup"],"_links":{"self":[{"href":"https:\/\/haberbesiktas.tr\/index.php?rest_route=\/wp\/v2\/posts\/15707","targetHints":{"allow":["GET"]}}],"collection":[{"href":"https:\/\/haberbesiktas.tr\/index.php?rest_route=\/wp\/v2\/posts"}],"about":[{"href":"https:\/\/haberbesiktas.tr\/index.php?rest_route=\/wp\/v2\/types\/post"}],"author":[{"embeddable":true,"href":"https:\/\/haberbesiktas.tr\/index.php?rest_route=\/wp\/v2\/users\/1"}],"replies":[{"embeddable":true,"href":"https:\/\/haberbesiktas.tr\/index.php?rest_route=%2Fwp%2Fv2%2Fcomments&post=15707"}],"version-history":[{"count":1,"href":"https:\/\/haberbesiktas.tr\/index.php?rest_route=\/wp\/v2\/posts\/15707\/revisions"}],"predecessor-version":[{"id":15710,"href":"https:\/\/haberbesiktas.tr\/index.php?rest_route=\/wp\/v2\/posts\/15707\/revisions\/15710"}],"wp:featuredmedia":[{"embeddable":true,"href":"https:\/\/haberbesiktas.tr\/index.php?rest_route=\/wp\/v2\/media\/15708"}],"wp:attachment":[{"href":"https:\/\/haberbesiktas.tr\/index.php?rest_route=%2Fwp%2Fv2%2Fmedia&parent=15707"}],"wp:term":[{"taxonomy":"category","embeddable":true,"href":"https:\/\/haberbesiktas.tr\/index.php?rest_route=%2Fwp%2Fv2%2Fcategories&post=15707"},{"taxonomy":"post_tag","embeddable":true,"href":"https:\/\/haberbesiktas.tr\/index.php?rest_route=%2Fwp%2Fv2%2Ftags&post=15707"}],"curies":[{"name":"wp","href":"https:\/\/api.w.org\/{rel}","templated":true}]}}