{"id":15711,"date":"2025-03-09T02:48:05","date_gmt":"2025-03-09T02:48:05","guid":{"rendered":"https:\/\/haberbesiktas.tr\/?p=15711"},"modified":"2025-03-09T02:48:05","modified_gmt":"2025-03-09T02:48:05","slug":"avusturyada-turk-teknik-direktor-takimini-basariya-tasiyor-2","status":"publish","type":"post","link":"https:\/\/haberbesiktas.tr\/?p=15711","title":{"rendered":"Avusturya&#8217;da T\u00fcrk teknik direkt\u00f6r tak\u0131m\u0131n\u0131 ba\u015far\u0131ya ta\u015f\u0131yor"},"content":{"rendered":"<div>\n<div> Avusturya 2. Futbol Ligi kadrolar\u0131ndan St. P\u00f6lten&#8217;in 35 ya\u015f\u0131ndaki T\u00fcrk teknik y\u00f6neticisi Tu\u011fberk Tanr\u0131vermi\u015f, k\u00fcme d\u00fc\u015fme s\u0131n\u0131r\u0131nda ald\u0131\u011f\u0131 grubunu 8. s\u0131raya kadar \u00e7\u0131kararak b\u00fcy\u00fck bir muvaffakiyet elde etti.<\/p>\n<p> Avrupa profesyonel futbol liglerinin en gen\u00e7 teknik y\u00f6neticilerinden olan Tu\u011fberk Tanr\u0131vermi\u015f&#8217;in \u00e7al\u0131\u015ft\u0131rd\u0131\u011f\u0131 St. P\u00f6lten, 26 ki\u015filik kamp tak\u0131m\u0131yla Lara b\u00f6lgesindeki bir otelde ligin ikinci yar\u0131s\u0131 i\u00e7in kamp yap\u0131yor.<\/p>\n<p> Ge\u00e7en y\u0131l\u0131n ekim ay\u0131nda, k\u00fcme d\u00fc\u015fme \u00e7izgisinin \u00e7abucak \u00fczerinde bulunan ekibin ba\u015f\u0131na ge\u00e7en Tanr\u0131vermi\u015f, \u00e7\u0131kt\u0131\u011f\u0131 7 ma\u00e7ta ya\u015fad\u0131\u011f\u0131 5 galibiyet, 1 beraberlik ve 1 yenilgiyle tak\u0131m\u0131n\u0131 12. s\u0131radan 8. s\u0131raya y\u00fckseltmeyi ba\u015fard\u0131.<\/p>\n<p> Tanr\u0131vermi\u015f, elde etti\u011fi muvaffakiyetin akabinde grubunun maksad\u0131n\u0131, d\u00f6nemi birinci 5&#8217;te bitirmek olarak belirledi.<\/p>\n<p> <span><strong>&#8220;Haz\u0131rl\u0131k kamp\u0131n\u0131 en g\u00fczel bi\u00e7imde ge\u00e7irdi\u011fimizi d\u00fc\u015f\u00fcn\u00fcyorum&#8221;<\/strong><\/span><\/p>\n<p> Antalya&#8217;daki kamp \u00e7al\u0131\u015fmalar\u0131yla ilgili AA muhabirine a\u00e7\u0131klamalarda bulunan Tanr\u0131vermi\u015f, T\u00fcrkiye&#8217;de olmaktan ve bu haz\u0131rl\u0131k kamp\u0131n\u0131 Antalya&#8217;da ge\u00e7irmekten \u00e7ok keyifli oldu\u011funu lisana getirerek, &#8220;Burada hem otelde harika bir hizmet var hem de alanlar \u00e7ok \u00e2l\u00e2. Nat\u00fcrel ki hava durumunun da Avusturya&#8217;ya nazaran g\u00fcne\u015fli olmas\u0131 bize yeterli bir \u00e7al\u0131\u015fma imkan\u0131 sa\u011fl\u0131yor. O y\u00fczden \u00e7ok memnunuz. Haz\u0131rl\u0131k kamp\u0131n\u0131 en uygun halde ge\u00e7irdi\u011fimizi d\u00fc\u015f\u00fcn\u00fcyorum.&#8221; diye konu\u015ftu.<\/p>\n<p> <span><strong>&#8220;S\u0131ralamada s\u00fcratli bir bi\u00e7imde y\u00fckseldik&#8221;<\/strong><\/span><\/p>\n<p> Teknik y\u00f6neticilik s\u00fcrecine \u015fimdi 20&#8217;li ya\u015flarda Galatasaray&#8217;da ba\u015flad\u0131\u011f\u0131n\u0131 belirten Tanr\u0131vermi\u015f, altyap\u0131daki vazifelerinin akabinde A ekipte yard\u0131mc\u0131 antren\u00f6rl\u00fck yapt\u0131\u011f\u0131n\u0131 s\u00f6yledi.<\/p>\n<p> Tanr\u0131vermi\u015f, daha sonra \u0130talya&#8217;da Roma ve Spezia gruplar\u0131nda 18 ve 19 ya\u015f alt\u0131 kadrolar\u0131n\u0131 \u00e7al\u0131\u015ft\u0131rd\u0131\u011f\u0131n\u0131 tabir ederek, \u015funlar\u0131 kaydetti:<\/p>\n<p> &#8220;Bu sene ekim ay\u0131ndan itibaren de birinci kez bir A grubu, profesyonel kadro ald\u0131m. Ekim ay\u0131ndan beri Avusturya 2. Futbol Ligi gruplar\u0131ndan St. P\u00f6lten&#8217;deyim. Kadronun ba\u015f\u0131na geldi\u011fimde puan manas\u0131nda grubun durumu karma\u015f\u0131kt\u0131. 9 puanla k\u00fcme d\u00fc\u015fme s\u0131n\u0131r\u0131n\u0131n 3 puan \u00fcst\u00fcnde 12. s\u0131radayd\u0131. Ma\u00e7lar\u0131 izledi\u011fim vakit oyuncu k\u00fcmesinin daha d\u00fczg\u00fcn i\u015fler yapabilece\u011fini g\u00f6rd\u00fcm. \u00c7ok \u015f\u00fck\u00fcr oyuncular da yapt\u0131\u011f\u0131m\u0131z \u00e7al\u0131\u015fmalara en \u00e2l\u00e2 bi\u00e7imde kar\u015f\u0131l\u0131k verdiler ve s\u0131ralamada s\u00fcratli bir formda y\u00fckseldik.&#8221;<\/p>\n<p> <span><strong>Hedef ligi birinci 5&#8217;te bitirmek<\/strong><\/span><\/p>\n<p> T\u00fcrkiye&#8217;yi yurt d\u0131\u015f\u0131nda en d\u00fczg\u00fcn bi\u00e7imde temsil etmeye \u00e7al\u0131\u015ft\u0131\u011f\u0131n\u0131 belirten Tanr\u0131vermi\u015f, T\u00fcrk teknik adamlar\u0131n yurt d\u0131\u015f\u0131nda ba\u015far\u0131l\u0131 i\u015fler yapabilece\u011fini lisana getirdi.<\/p>\n<p> Tanr\u0131vermi\u015f, mesle\u011finde birinci kere profesyonel bir ekibin ba\u015f\u0131nda oldu\u011funu vurgulayarak, \u015f\u00f6yle devam etti:<\/p>\n<p> &#8220;Geldi\u011fimiz vakit \u00e7ok konu\u015fulmuyordu fakat bir k\u00fcme d\u00fc\u015fme korkusu vard\u0131. \u00c7ok \u015f\u00fck\u00fcr o \u00e7izgiden uzakla\u015ft\u0131k. Daha \u00fcstleri hedefleyen bir kadro olmak istiyoruz. Oyuncular da bunun \u015fuurunda. Ama\u00e7lara ula\u015fmak i\u00e7in de ma\u00e7larda de\u011fil, idmanlarda y\u00fczde 100&#8217;\u00fcm\u00fcz\u00fc vermemiz gerekiyor. Her ma\u00e7\u0131, her idman\u0131 ma\u00e7 \u00fczere g\u00f6rmek gerekiyor. Bu do\u011frultuda, bu konsantrasyonda \u00e7al\u0131\u015fmak gerekiyor. Umuyorum ki bu disiplini, ciddiyeti korudu\u011fumuz takdirde bu sene gayelere ula\u015faca\u011f\u0131z. D\u00f6nemi birinci 5 i\u00e7erisinde bitirme maksad\u0131 koyduk.&#8221;<\/p>\n<p> <span><strong>4 yabanc\u0131 lisan konu\u015fabiliyor<\/strong><\/span><\/p>\n<p> Teknik y\u00f6netici Tanr\u0131vermi\u015f, d\u00fczg\u00fcn derecede Almanca&#8217;n\u0131n yan\u0131 s\u0131ra \u0130talyanca, \u0130ngilizce ve Frans\u0131zca konu\u015fabildi\u011fini belirterek, bu sayede grubundaki t\u00fcm oyuncularla birebir ba\u011flant\u0131 kurabildi\u011fini s\u00f6yledi.<\/p>\n<p> Avusturya&#8217;da \u00e7ok say\u0131da T\u00fcrk&#8217;\u00fcn ya\u015fad\u0131\u011f\u0131n\u0131 aktaran Tanr\u0131vermi\u015f, &#8220;Bana inan\u0131lmaz yak\u0131n, s\u0131cak ilgileri oldu. Uzun y\u0131llard\u0131r orada ya\u015fayan gurbet\u00e7i arkada\u015flar\u0131m\u0131z\u0131n, Avusturya&#8217;ya \u00e7abuk adapte olmamda \u00f6nemli katk\u0131lar\u0131 oldu.&#8221; dedi.<\/p>\n<p> <span><strong>&#8220;Fatih Terim bir efsane&#8221;<\/strong><\/span><\/p>\n<p> Tanr\u0131vermi\u015f, birlikte \u00e7al\u0131\u015ft\u0131\u011f\u0131 teknik y\u00f6neticiler ortas\u0131nda en etkilendi\u011fi ki\u015finin Fatih Terim oldu\u011funa i\u015faret ederek, &#8220;O T\u00fcrkiye&#8217;deki her teknik y\u00f6netici i\u00e7in bir idol, bir efsane. Onun yan\u0131nda hayran oldu\u011fum Jose Mourinho \u015fu anda Fenerbah\u00e7e&#8217;yi \u00e7al\u0131\u015ft\u0131r\u0131yor. Onunla Roma&#8217;da 2 sene boyunca yak\u0131ndan ba\u011f kurma, \u00e7al\u0131\u015fmalar\u0131n\u0131 izleme ve fikir al\u0131\u015fveri\u015finde bulunma imkan\u0131 buldum. Ondan da inan\u0131lmaz deneyimler edindim. Mourinho \u00e7ok pahal\u0131 bir hoca.&#8221; s\u00f6z\u00fcn\u00fc kulland\u0131.<\/p><\/div>\n<\/div>\n","protected":false},"excerpt":{"rendered":"<p>Ekim ay\u0131nda ba\u015f\u0131na ge\u00e7ti\u011fi Avusturya 2. lig kadrolar\u0131ndan St. P\u00f6lten&#8217;le 7 ma\u00e7ta 5 galibiyet, 1 beraberlik ve 1 yenilgi ya\u015fayan teknik y\u00f6netici Tu\u011fberk Tanr\u0131vermi\u015f, k\u00fcme d\u00fc\u015fme \u00e7izgisinden uzakla\u015ft\u0131rd\u0131\u011f\u0131 grubunu 8. s\u0131raya \u00e7\u0131karmay\u0131 ba\u015fard\u0131.<\/p>\n","protected":false},"author":1,"featured_media":15712,"comment_status":"open","ping_status":"open","sticky":false,"template":"","format":"standard","meta":{"footnotes":""},"categories":[10],"tags":[1036,1135,52,1063,475],"class_list":["post-15711","post","type-post","status-publish","format-standard","has-post-thumbnail","hentry","category-basketbol","tag-kamp","tag-sira","tag-takim","tag-takimin","tag-yas"],"_links":{"self":[{"href":"https:\/\/haberbesiktas.tr\/index.php?rest_route=\/wp\/v2\/posts\/15711","targetHints":{"allow":["GET"]}}],"collection":[{"href":"https:\/\/haberbesiktas.tr\/index.php?rest_route=\/wp\/v2\/posts"}],"about":[{"href":"https:\/\/haberbesiktas.tr\/index.php?rest_route=\/wp\/v2\/types\/post"}],"author":[{"embeddable":true,"href":"https:\/\/haberbesiktas.tr\/index.php?rest_route=\/wp\/v2\/users\/1"}],"replies":[{"embeddable":true,"href":"https:\/\/haberbesiktas.tr\/index.php?rest_route=%2Fwp%2Fv2%2Fcomments&post=15711"}],"version-history":[{"count":1,"href":"https:\/\/haberbesiktas.tr\/index.php?rest_route=\/wp\/v2\/posts\/15711\/revisions"}],"predecessor-version":[{"id":15713,"href":"https:\/\/haberbesiktas.tr\/index.php?rest_route=\/wp\/v2\/posts\/15711\/revisions\/15713"}],"wp:featuredmedia":[{"embeddable":true,"href":"https:\/\/haberbesiktas.tr\/index.php?rest_route=\/wp\/v2\/media\/15712"}],"wp:attachment":[{"href":"https:\/\/haberbesiktas.tr\/index.php?rest_route=%2Fwp%2Fv2%2Fmedia&parent=15711"}],"wp:term":[{"taxonomy":"category","embeddable":true,"href":"https:\/\/haberbesiktas.tr\/index.php?rest_route=%2Fwp%2Fv2%2Fcategories&post=15711"},{"taxonomy":"post_tag","embeddable":true,"href":"https:\/\/haberbesiktas.tr\/index.php?rest_route=%2Fwp%2Fv2%2Ftags&post=15711"}],"curies":[{"name":"wp","href":"https:\/\/api.w.org\/{rel}","templated":true}]}}