{"id":15717,"date":"2025-03-09T03:12:05","date_gmt":"2025-03-09T03:12:05","guid":{"rendered":"https:\/\/haberbesiktas.tr\/?p=15717"},"modified":"2025-03-09T03:12:05","modified_gmt":"2025-03-09T03:12:05","slug":"emre-belozoglu-hedefi-alttaki-4luyle-arayi-acmak","status":"publish","type":"post","link":"https:\/\/haberbesiktas.tr\/?p=15717","title":{"rendered":"Emre Bel\u00f6zo\u011flu: &#8220;Hedefi alttaki 4&#8217;l\u00fcyle aray\u0131 a\u00e7mak&#8221;"},"content":{"rendered":"<div>Onvo Antalyaspor Teknik Y\u00f6neticisi Emre Bel\u00f6zo\u011flu, k\u0131sa vadedeki en b\u00fcy\u00fck gayelerinin ligin alt s\u0131ralar\u0131ndaki d\u00f6rtl\u00fc k\u00fcmeden uzakla\u015fmak oldu\u011funu belirtti.<\/p>\n<p> Bel\u00f6z\u00f6\u011flu, Atilla Vehbi Konuk Tesisleri&#8217;nde AA muhabirine, Trendyol Harika Lig&#8217;in 23. haftas\u0131nda kar\u015f\u0131la\u015facaklar\u0131 RAMS Ba\u015fak\u015fehir ma\u00e7\u0131n\u0131n kendi ismine maksatlar\u0131 olan iki kadro i\u00e7in de g\u00fc\u00e7 ge\u00e7ece\u011fini s\u00f6yledi.<\/p>\n<p> Antalyaspor&#8217;da vazifeye geldi\u011fi g\u00fcnden bu yana oyuncular\u0131n \u00e7al\u0131\u015fma iste\u011fi ve g\u00f6sterdikleri uygulama u\u011fra\u015f\u0131n\u0131n kendisini keyifli etti\u011fine de\u011finen Bel\u00f6z\u00f6\u011flu, ligdeki son 2 ma\u00e7ta Hatayspor&#8217;u deplasmanda yendiklerini, Be\u015fikta\u015f ile de berabere kald\u0131klar\u0131n\u0131 an\u0131msatt\u0131.<\/p>\n<p> Bel\u00f6zo\u011flu, &#8220;<strong>\u0130stedi\u011fimiz puanlar\u0131 yakalamak ismine Ba\u015fak\u015fehir ile k\u0131ymetli bir ma\u00e7a \u00e7\u0131kaca\u011f\u0131z. 2 g\u00fcn s\u00fcremiz var. En d\u00fczg\u00fcn halde haz\u0131rlan\u0131p taraftar\u0131m\u0131z\u0131n da dayana\u011f\u0131yla oyuncular\u0131m\u0131n \u00e7ok ho\u015f bir ma\u00e7 \u00e7\u0131kartacaklar\u0131na inan\u0131yorum. \u00d6n\u00fcm\u00fczde kritik Kas\u0131mpa\u015fa ve Adana Demirspor ma\u00e7lar\u0131 var. Bizim i\u00e7in her ma\u00e7 bedelli ve k\u0131ymetli. Antalyaspor olarak k\u0131sa vadedeki en b\u00fcy\u00fck gayemiz ligin alt s\u0131ralar\u0131ndaki d\u00f6rtl\u00fc k\u00fcmeden olabildi\u011fince uzakla\u015fmak. 8 puanl\u0131k bir fark var. Bunu daha da artt\u0131rarak orta vadeli ama\u00e7lar\u0131m\u0131za ge\u00e7mek istiyoruz.<\/strong>&#8221; dedi.<\/p>\n<p> <strong>&#8211; &#8220;\u00dcst s\u0131ralardaki kadrolardan da puan almay\u0131 hedefliyoruz&#8221;<\/strong><\/p>\n<p> Antalyaspor&#8217;un ligin birinci yar\u0131s\u0131nda \u00e7oklukla s\u0131ralamada kendisinin alt\u0131nda yer alan kadrolara kar\u015f\u0131 galibiyet ald\u0131\u011f\u0131na dikkati \u00e7eken Bel\u00f6zo\u011flu, &#8220;<strong>\u00dcst s\u0131ralardaki kadrolara kar\u015f\u0131 da yenilgi ya\u015fam\u0131\u015f kadro kimli\u011findeydi. Biz bu durumu de\u011fi\u015ftirmek i\u00e7in u\u011fra\u015f sarf ediyoruz.<\/strong>&#8221; dedi.<\/p>\n<p> &#8220;<strong>\u00dcst s\u0131ralardaki gruplardan da puan almay\u0131 hedefliyoruz.&#8221; s\u00f6z\u00fcn\u00fc kullanan Bel\u00f6zo\u011flu, &#8220;\u0130nand\u0131\u011f\u0131m\u0131z oyun ve g\u00fcc\u00fcm\u00fcze nazaran her ma\u00e7\u0131 kazanma ismine plan yapan bir grubuz. Her ma\u00e7\u0131 kazanabilecek planlar\u0131 yap\u0131p hedefledi\u011fimiz puanlara ula\u015fabilmeyi ama\u00e7l\u0131yoruz<\/strong>.&#8221; diye konu\u015ftu.<\/p>\n<p> Antalyaspor&#8217;un iktisad\u0131 g\u00fc\u00e7l\u00fc bir kentin kadrosu oldu\u011funa i\u015faret eden Bel\u00f6zo\u011flu, kelamlar\u0131n\u0131 \u015f\u00f6yle tamamlad\u0131:<\/p>\n<p> &#8220;<strong>Antalyaspor&#8217;a \u00e7ok daha b\u00fcy\u00fck maksatlar, \u00e7ok daha kurumsall\u0131k, kentin dinamiklerinin bir oldu\u011fu manzara yak\u0131\u015f\u0131r. Biz de kadromla kentin dinamiklerini harekete ge\u00e7irecek, onlar\u0131 kul\u00fcbe ve ekibe daha da fazla takviye verecek hale getirecek skorlar al\u0131p, keyifli edecek, taraftar\u0131m\u0131z\u0131, aileleri stada \u00e7ekecek bir hava olu\u015fturmak istiyoruz. Antalyaspor&#8217;la ilgili en b\u00fcy\u00fck hayalim bu. Bunu ba\u015farmak i\u00e7in \u00e7ok ancak \u00e7ok \u00e7al\u0131\u015faca\u011f\u0131z<\/strong>.&#8221;<\/p>\n<\/div>\n","protected":false},"excerpt":{"rendered":"<p>Onvo Antalyaspor Teknik Y\u00f6neticisi Emre Bel\u00f6zo\u011flu, S\u00fcper Lig ile ilgili a\u00e7\u0131klamalarda bulundu.<\/p>\n","protected":false},"author":1,"featured_media":15718,"comment_status":"open","ping_status":"open","sticky":false,"template":"","format":"standard","meta":{"footnotes":""},"categories":[10],"tags":[256,955,50,52],"class_list":["post-15717","post","type-post","status-publish","format-standard","has-post-thumbnail","hentry","category-basketbol","tag-antalyaspor","tag-belozoglu","tag-mac","tag-takim"],"_links":{"self":[{"href":"https:\/\/haberbesiktas.tr\/index.php?rest_route=\/wp\/v2\/posts\/15717","targetHints":{"allow":["GET"]}}],"collection":[{"href":"https:\/\/haberbesiktas.tr\/index.php?rest_route=\/wp\/v2\/posts"}],"about":[{"href":"https:\/\/haberbesiktas.tr\/index.php?rest_route=\/wp\/v2\/types\/post"}],"author":[{"embeddable":true,"href":"https:\/\/haberbesiktas.tr\/index.php?rest_route=\/wp\/v2\/users\/1"}],"replies":[{"embeddable":true,"href":"https:\/\/haberbesiktas.tr\/index.php?rest_route=%2Fwp%2Fv2%2Fcomments&post=15717"}],"version-history":[{"count":1,"href":"https:\/\/haberbesiktas.tr\/index.php?rest_route=\/wp\/v2\/posts\/15717\/revisions"}],"predecessor-version":[{"id":15719,"href":"https:\/\/haberbesiktas.tr\/index.php?rest_route=\/wp\/v2\/posts\/15717\/revisions\/15719"}],"wp:featuredmedia":[{"embeddable":true,"href":"https:\/\/haberbesiktas.tr\/index.php?rest_route=\/wp\/v2\/media\/15718"}],"wp:attachment":[{"href":"https:\/\/haberbesiktas.tr\/index.php?rest_route=%2Fwp%2Fv2%2Fmedia&parent=15717"}],"wp:term":[{"taxonomy":"category","embeddable":true,"href":"https:\/\/haberbesiktas.tr\/index.php?rest_route=%2Fwp%2Fv2%2Fcategories&post=15717"},{"taxonomy":"post_tag","embeddable":true,"href":"https:\/\/haberbesiktas.tr\/index.php?rest_route=%2Fwp%2Fv2%2Ftags&post=15717"}],"curies":[{"name":"wp","href":"https:\/\/api.w.org\/{rel}","templated":true}]}}