{"id":15765,"date":"2025-03-09T06:36:06","date_gmt":"2025-03-09T06:36:06","guid":{"rendered":"https:\/\/haberbesiktas.tr\/?p=15765"},"modified":"2025-03-09T06:36:06","modified_gmt":"2025-03-09T06:36:06","slug":"kadin-boks-milli-takimi-kastamonuda-kampa-girdi-2","status":"publish","type":"post","link":"https:\/\/haberbesiktas.tr\/?p=15765","title":{"rendered":"Kad\u0131n Boks Milli Tak\u0131m\u0131 Kastamonu&#8217;da kampa girdi"},"content":{"rendered":"<div>\n<p>Kad\u0131n Boks Ulusal Kadrosu, S\u0131rbistan&#8217;da mart ay\u0131nda d\u00fczenlenecek D\u00fcnya \u015eampiyonas\u0131 haz\u0131rl\u0131klar\u0131 kapsam\u0131nda Kastamonu&#8217;da kampa girdi.\u00a0<\/p>\n<p> Kastamonu Kad\u0131da\u011f\u0131 Boks Kamp E\u011fitim Merkezi&#8217;nde \u00e7al\u0131\u015fmalar\u0131na ba\u015flayan ulusal kadroda 36 atlet ile 4 antren\u00f6r bulunuyor.<\/p>\n<p> Ulusal kadro antren\u00f6r\u00fc \u0130shak Tiryaki, AA muhabirine, D\u00fcnya \u015eampiyonas\u0131 ikinci etap kamp\u0131 i\u00e7in 15 \u015eubat&#8217;ta Karada\u011f&#8217;a gideceklerini s\u00f6yledi.<\/p>\n<p> Stranca Boks Turnuvas\u0131 ile D\u00fcnya \u015eampiyonas\u0131&#8217;na farkl\u0131 iki grubun kat\u0131laca\u011f\u0131 bilgisini veren Tiryaki, &#8220;2028 Olimpiyat tak\u0131m\u0131n\u0131 olu\u015fturmak i\u00e7in alttan gelen gen\u00e7 atletlerimizle hem burada hem turnuvalarda daima ma\u00e7 yaparak bir arada oluyoruz. 2028&#8217;in altyap\u0131s\u0131n\u0131 yapmaya \u00e7al\u0131\u015f\u0131yoruz.&#8221; dedi.<\/p>\n<p> Tiryaki, D\u00fcnya \u015eampiyonas\u0131&#8217;nda grup halinde \u015fampiyonluk hedeflediklerini kelamlar\u0131na ekledi.\u00a0<\/p>\n<\/div>\n","protected":false},"excerpt":{"rendered":"<p>\u0131n Boks Ulusal Grubu, mart ay\u0131nda S\u0131rbistan&#8217;da d\u00fczenlenecek D\u00fcnya \u015eampiyonas\u0131&#8217;na haz\u0131rlanmak i\u00e7in Kastamonu&#8217;da kampa girdi.<\/p>\n","protected":false},"author":1,"featured_media":15766,"comment_status":"open","ping_status":"open","sticky":false,"template":"","format":"standard","meta":{"footnotes":""},"categories":[10],"tags":[52],"class_list":["post-15765","post","type-post","status-publish","format-standard","has-post-thumbnail","hentry","category-basketbol","tag-takim"],"_links":{"self":[{"href":"https:\/\/haberbesiktas.tr\/index.php?rest_route=\/wp\/v2\/posts\/15765","targetHints":{"allow":["GET"]}}],"collection":[{"href":"https:\/\/haberbesiktas.tr\/index.php?rest_route=\/wp\/v2\/posts"}],"about":[{"href":"https:\/\/haberbesiktas.tr\/index.php?rest_route=\/wp\/v2\/types\/post"}],"author":[{"embeddable":true,"href":"https:\/\/haberbesiktas.tr\/index.php?rest_route=\/wp\/v2\/users\/1"}],"replies":[{"embeddable":true,"href":"https:\/\/haberbesiktas.tr\/index.php?rest_route=%2Fwp%2Fv2%2Fcomments&post=15765"}],"version-history":[{"count":1,"href":"https:\/\/haberbesiktas.tr\/index.php?rest_route=\/wp\/v2\/posts\/15765\/revisions"}],"predecessor-version":[{"id":15767,"href":"https:\/\/haberbesiktas.tr\/index.php?rest_route=\/wp\/v2\/posts\/15765\/revisions\/15767"}],"wp:featuredmedia":[{"embeddable":true,"href":"https:\/\/haberbesiktas.tr\/index.php?rest_route=\/wp\/v2\/media\/15766"}],"wp:attachment":[{"href":"https:\/\/haberbesiktas.tr\/index.php?rest_route=%2Fwp%2Fv2%2Fmedia&parent=15765"}],"wp:term":[{"taxonomy":"category","embeddable":true,"href":"https:\/\/haberbesiktas.tr\/index.php?rest_route=%2Fwp%2Fv2%2Fcategories&post=15765"},{"taxonomy":"post_tag","embeddable":true,"href":"https:\/\/haberbesiktas.tr\/index.php?rest_route=%2Fwp%2Fv2%2Ftags&post=15765"}],"curies":[{"name":"wp","href":"https:\/\/api.w.org\/{rel}","templated":true}]}}