{"id":15768,"date":"2025-03-09T06:48:05","date_gmt":"2025-03-09T06:48:05","guid":{"rendered":"https:\/\/haberbesiktas.tr\/?p=15768"},"modified":"2025-03-09T06:48:05","modified_gmt":"2025-03-09T06:48:05","slug":"menemen-fk-ile-nazillispor-rakip-2","status":"publish","type":"post","link":"https:\/\/haberbesiktas.tr\/?p=15768","title":{"rendered":"Menemen FK ile Nazillispor rakip"},"content":{"rendered":"<div>\n<p>2&#8217;nci Lig K\u0131rm\u0131z\u0131 K\u00fcme&#8217;de Play-Off yar\u0131\u015f\u0131 veren Menemen Futbol Kul\u00fcb\u00fc 8 \u015eubat Cumartesi g\u00fcn\u00fc d\u00fc\u015fme s\u0131n\u0131r\u0131ndan kurtulmaya \u00e7al\u0131\u015fan Nazillispor&#8217;u konuk edecek.<\/p>\n<p> Menemen \u0130l\u00e7e Stad\u0131&#8217;ndaki 90 dakika saat 14.00&#8217;te start alacak. Mesken sahibi tak\u0131m gayrette alana cezas\u0131 nedeniyle seyircisinden yoksun \u00e7\u0131kacak. Ligde ikinci yar\u0131ya 2 galibiyetle ba\u015flad\u0131ktan sonra ge\u00e7en hafta Belediye Derincespor&#8217;a deplasmanda 3-2 yenilen Menemen FK k\u00fcmede 37 puanla Play-Off s\u0131n\u0131r\u0131nda be\u015finci s\u0131rada yer al\u0131yor. Son 5 ma\u00e7\u0131n\u0131n 4&#8217;\u00fcn\u00fc kaybeden, 3 puan\u0131 da Ulusal Kul\u00fcp Lisans\u0131 alamad\u0131\u011f\u0131 i\u00e7in silinen Nazillispor ise 12 puanla d\u00fc\u015fme baraj\u0131nda.\u00a0<\/p>\n<p> NAZ\u0130LL\u0130SPOR YASA\u011eI A\u00c7IP TAKV\u0130YE YAPTI<\/p>\n<p> Ligde s\u0131k\u0131nt\u0131 g\u00fcnler ge\u00e7irerek kurtulu\u015f sava\u015f\u0131 veren Nazillispor, orta transfer devrinin son g\u00fcnlerinde transfer yasa\u011f\u0131n\u0131 kald\u0131r\u0131p tak\u0131m\u0131n\u0131 destek etti. Siyah-beyazl\u0131 tak\u0131m, Menemen FK deplasman\u0131 \u00f6ncesi yasa\u011f\u0131 kald\u0131r\u0131rken, ligin birinci yar\u0131s\u0131nda T\u00fcrk Metal 1963&#8217;te top ko\u015fturan 36 ya\u015f\u0131ndaki tecr\u00fcbeli stoper R\u0131dvan Ko\u00e7ak&#8217;\u0131 renklerine ba\u011flad\u0131. Nazillispor ligde d\u00fc\u015fme \u00e7izgisinden kurtulmak i\u00e7in k\u0131ymetli oyuncular\u0131n\u0131n ayr\u0131ld\u0131\u011f\u0131 tak\u0131m\u0131na transfer yapacak.<\/p>\n<\/div>\n","protected":false},"excerpt":{"rendered":"<p>Play-Off gayreti veren Menemen FK, 8 \u015eubat Cumartesi g\u00fcn\u00fc d\u00fc\u015fme \u00e7izgisindeki Nazillispor&#8217;u a\u011f\u0131rlayacak.<\/p>\n","protected":false},"author":1,"featured_media":15769,"comment_status":"open","ping_status":"open","sticky":false,"template":"","format":"standard","meta":{"footnotes":""},"categories":[10],"tags":[51,912],"class_list":["post-15768","post","type-post","status-publish","format-standard","has-post-thumbnail","hentry","category-basketbol","tag-lig","tag-nazillispor"],"_links":{"self":[{"href":"https:\/\/haberbesiktas.tr\/index.php?rest_route=\/wp\/v2\/posts\/15768","targetHints":{"allow":["GET"]}}],"collection":[{"href":"https:\/\/haberbesiktas.tr\/index.php?rest_route=\/wp\/v2\/posts"}],"about":[{"href":"https:\/\/haberbesiktas.tr\/index.php?rest_route=\/wp\/v2\/types\/post"}],"author":[{"embeddable":true,"href":"https:\/\/haberbesiktas.tr\/index.php?rest_route=\/wp\/v2\/users\/1"}],"replies":[{"embeddable":true,"href":"https:\/\/haberbesiktas.tr\/index.php?rest_route=%2Fwp%2Fv2%2Fcomments&post=15768"}],"version-history":[{"count":1,"href":"https:\/\/haberbesiktas.tr\/index.php?rest_route=\/wp\/v2\/posts\/15768\/revisions"}],"predecessor-version":[{"id":15770,"href":"https:\/\/haberbesiktas.tr\/index.php?rest_route=\/wp\/v2\/posts\/15768\/revisions\/15770"}],"wp:featuredmedia":[{"embeddable":true,"href":"https:\/\/haberbesiktas.tr\/index.php?rest_route=\/wp\/v2\/media\/15769"}],"wp:attachment":[{"href":"https:\/\/haberbesiktas.tr\/index.php?rest_route=%2Fwp%2Fv2%2Fmedia&parent=15768"}],"wp:term":[{"taxonomy":"category","embeddable":true,"href":"https:\/\/haberbesiktas.tr\/index.php?rest_route=%2Fwp%2Fv2%2Fcategories&post=15768"},{"taxonomy":"post_tag","embeddable":true,"href":"https:\/\/haberbesiktas.tr\/index.php?rest_route=%2Fwp%2Fv2%2Ftags&post=15768"}],"curies":[{"name":"wp","href":"https:\/\/api.w.org\/{rel}","templated":true}]}}