{"id":15777,"date":"2025-03-09T07:24:05","date_gmt":"2025-03-09T07:24:05","guid":{"rendered":"https:\/\/haberbesiktas.tr\/?p=15777"},"modified":"2025-03-09T07:24:05","modified_gmt":"2025-03-09T07:24:05","slug":"spartak-moskovadan-cengiz-undere-veto-2","status":"publish","type":"post","link":"https:\/\/haberbesiktas.tr\/?p=15777","title":{"rendered":"Spartak Moskova&#8217;dan Cengiz \u00dcnder&#8217;e veto"},"content":{"rendered":"<div>Spartak Moskova, menajerler taraf\u0131ndan \u00f6nerilen Cengiz \u00dcnder teklifini geri \u00e7evirdi.<\/p>\n<p> Rus bas\u0131n\u0131nda yer alan haberlere nazaran; Fenerbah\u00e7e&#8217;de teknik y\u00f6netici Jose Mourinho&#8217;nun planlar\u0131 ortas\u0131nda yer almayan Cengiz \u00dcnder, Spartak Moskova&#8217;ya \u00f6nerildi.<\/p>\n<p> Rus kul\u00fcb\u00fc, AEK Atina&#8217;dan forvet Levi Garcia ve River Plate&#8217;ten kanat oyuncusu Pablo Solari&#8217;nin transferlerini d\u00fc\u015f\u00fcnd\u00fc\u011f\u00fc, b\u00fct\u00e7esini bu iki b\u00fcy\u00fck transfer i\u00e7in ay\u0131rd\u0131\u011f\u0131 i\u00e7in Cengiz \u00dcnder teklifini geri \u00e7evirdi\u011fi belirtildi.<\/p>\n<p> <span><strong>BU D\u00d6NEM SKOR KATKISI YOK<\/strong><\/span><\/p>\n<p> Cengiz \u00dcnder, bu d\u00f6nem 8 ma\u00e7ta forma giydi ve sadece 162 dakika m\u00fcddet alabildi.<\/p>\n<\/div>\n","protected":false},"excerpt":{"rendered":"<p>Spartak Moskova, menajerler taraf\u0131ndan gelen Cengiz \u00dcnder teklifini geri \u00e7evirdi.<\/p>\n","protected":false},"author":1,"featured_media":15778,"comment_status":"open","ping_status":"open","sticky":false,"template":"","format":"standard","meta":{"footnotes":""},"categories":[10],"tags":[],"class_list":["post-15777","post","type-post","status-publish","format-standard","has-post-thumbnail","hentry","category-basketbol"],"_links":{"self":[{"href":"https:\/\/haberbesiktas.tr\/index.php?rest_route=\/wp\/v2\/posts\/15777","targetHints":{"allow":["GET"]}}],"collection":[{"href":"https:\/\/haberbesiktas.tr\/index.php?rest_route=\/wp\/v2\/posts"}],"about":[{"href":"https:\/\/haberbesiktas.tr\/index.php?rest_route=\/wp\/v2\/types\/post"}],"author":[{"embeddable":true,"href":"https:\/\/haberbesiktas.tr\/index.php?rest_route=\/wp\/v2\/users\/1"}],"replies":[{"embeddable":true,"href":"https:\/\/haberbesiktas.tr\/index.php?rest_route=%2Fwp%2Fv2%2Fcomments&post=15777"}],"version-history":[{"count":1,"href":"https:\/\/haberbesiktas.tr\/index.php?rest_route=\/wp\/v2\/posts\/15777\/revisions"}],"predecessor-version":[{"id":15779,"href":"https:\/\/haberbesiktas.tr\/index.php?rest_route=\/wp\/v2\/posts\/15777\/revisions\/15779"}],"wp:featuredmedia":[{"embeddable":true,"href":"https:\/\/haberbesiktas.tr\/index.php?rest_route=\/wp\/v2\/media\/15778"}],"wp:attachment":[{"href":"https:\/\/haberbesiktas.tr\/index.php?rest_route=%2Fwp%2Fv2%2Fmedia&parent=15777"}],"wp:term":[{"taxonomy":"category","embeddable":true,"href":"https:\/\/haberbesiktas.tr\/index.php?rest_route=%2Fwp%2Fv2%2Fcategories&post=15777"},{"taxonomy":"post_tag","embeddable":true,"href":"https:\/\/haberbesiktas.tr\/index.php?rest_route=%2Fwp%2Fv2%2Ftags&post=15777"}],"curies":[{"name":"wp","href":"https:\/\/api.w.org\/{rel}","templated":true}]}}