{"id":15786,"date":"2025-03-09T08:00:07","date_gmt":"2025-03-09T08:00:07","guid":{"rendered":"https:\/\/haberbesiktas.tr\/?p=15786"},"modified":"2025-03-09T08:00:07","modified_gmt":"2025-03-09T08:00:07","slug":"fenerbahcede-sakatlanan-kadin-futbolcu-cansu-gurel-ameliyat-edilecek-2","status":"publish","type":"post","link":"https:\/\/haberbesiktas.tr\/?p=15786","title":{"rendered":"Fenerbah\u00e7e&#8217;de sakatlanan kad\u0131n futbolcu Cansu G\u00fcrel ameliyat edilecek"},"content":{"rendered":"<div>\n<p>Fenerbah\u00e7e Petrol Ofisi Bayan Futbol Grubu oyuncusu Cansu G\u00fcrel&#8217;in \u00f6n \u00e7apraz ba\u011f\u0131nda tespit edilen y\u0131rt\u0131k nedeniyle ameliyat olaca\u011f\u0131 bildirildi.<\/p>\n<p> Kul\u00fcpten yap\u0131lan a\u00e7\u0131klamada, &#8220;Fenerbah\u00e7e Petrol Ofisi Bayan Futbol Kadromuzun oyuncular\u0131ndan Cansu G\u00fcrel&#8217;in \u00f6n \u00e7apraz ba\u011f\u0131nda komplet r\u00fcpt\u00fcr, lateral ve medial menisk\u00fcs\u00fcnde y\u0131rt\u0131k tespit edilmi\u015f olup, atletimiz Altunizade Ac\u0131badem Hastanesi&#8217;nde ameliyat olacakt\u0131r. Ameliyat tarihi, ilerleyen g\u00fcnlerde yap\u0131lacak gerekli denetimlerin akabinde netle\u015fecektir.&#8221; denildi.<\/p>\n<\/div>\n","protected":false},"excerpt":{"rendered":"<p>Fenerbah\u00e7e Petrol Ofisi&#8217;nin oyuncusu Cansu G\u00fcrel, \u00f6n \u00e7apraz ba\u011f y\u0131rt\u0131\u011f\u0131 nedeniyle operasyon ge\u00e7irecek.<\/p>\n","protected":false},"author":1,"featured_media":15787,"comment_status":"open","ping_status":"open","sticky":false,"template":"","format":"standard","meta":{"footnotes":""},"categories":[10],"tags":[],"class_list":["post-15786","post","type-post","status-publish","format-standard","has-post-thumbnail","hentry","category-basketbol"],"_links":{"self":[{"href":"https:\/\/haberbesiktas.tr\/index.php?rest_route=\/wp\/v2\/posts\/15786","targetHints":{"allow":["GET"]}}],"collection":[{"href":"https:\/\/haberbesiktas.tr\/index.php?rest_route=\/wp\/v2\/posts"}],"about":[{"href":"https:\/\/haberbesiktas.tr\/index.php?rest_route=\/wp\/v2\/types\/post"}],"author":[{"embeddable":true,"href":"https:\/\/haberbesiktas.tr\/index.php?rest_route=\/wp\/v2\/users\/1"}],"replies":[{"embeddable":true,"href":"https:\/\/haberbesiktas.tr\/index.php?rest_route=%2Fwp%2Fv2%2Fcomments&post=15786"}],"version-history":[{"count":1,"href":"https:\/\/haberbesiktas.tr\/index.php?rest_route=\/wp\/v2\/posts\/15786\/revisions"}],"predecessor-version":[{"id":15788,"href":"https:\/\/haberbesiktas.tr\/index.php?rest_route=\/wp\/v2\/posts\/15786\/revisions\/15788"}],"wp:featuredmedia":[{"embeddable":true,"href":"https:\/\/haberbesiktas.tr\/index.php?rest_route=\/wp\/v2\/media\/15787"}],"wp:attachment":[{"href":"https:\/\/haberbesiktas.tr\/index.php?rest_route=%2Fwp%2Fv2%2Fmedia&parent=15786"}],"wp:term":[{"taxonomy":"category","embeddable":true,"href":"https:\/\/haberbesiktas.tr\/index.php?rest_route=%2Fwp%2Fv2%2Fcategories&post=15786"},{"taxonomy":"post_tag","embeddable":true,"href":"https:\/\/haberbesiktas.tr\/index.php?rest_route=%2Fwp%2Fv2%2Ftags&post=15786"}],"curies":[{"name":"wp","href":"https:\/\/api.w.org\/{rel}","templated":true}]}}