{"id":15789,"date":"2025-03-09T08:12:07","date_gmt":"2025-03-09T08:12:07","guid":{"rendered":"https:\/\/haberbesiktas.tr\/?p=15789"},"modified":"2025-03-09T08:12:07","modified_gmt":"2025-03-09T08:12:07","slug":"besiktasta-teknik-ekibe-takviye-tom-green-3","status":"publish","type":"post","link":"https:\/\/haberbesiktas.tr\/?p=15789","title":{"rendered":"Be\u015fikta\u015f&#8217;ta teknik ekibe takviye: Tom Green"},"content":{"rendered":"<div>\n<p>Ara transfer \u00e7al\u0131\u015fmalar\u0131na devam eden Be\u015fikta\u015f, Ole Gunnar Solskjaer&#8217;in grubuna isimleri dahil etmeyi s\u00fcrd\u00fcr\u00fcyor.<\/p>\n<p> T\u00fcrkiye Kupas\u0131&#8217;nda Be\u015fikta\u015f&#8217;\u0131n K\u0131rklarelispor&#8217;la oynad\u0131\u011f\u0131 ma\u00e7\u0131n akabinde teknik y\u00f6netici Ole Gunnar Solskajer, tak\u0131m\u0131na yeni isimlerin kat\u0131labilece\u011fini s\u00f6ylemi\u015fti.<\/p>\n<p> Manchester United&#8217;da performans analisti olarak misyon yapan Tom Green, Be\u015fikta\u015f&#8217;a kat\u0131ld\u0131. Green, teknik y\u00f6netici Ole Gunnar Solskjaer&#8217;in tak\u0131m\u0131nda yer alacak. \u0130stanbul&#8217;a gelen Tom Green, \u00e7al\u0131\u015fmalara ba\u015flad\u0131.\u00a0<\/p>\n<p> Solskjaer ma\u00e7\u0131n akabinde yapt\u0131\u011f\u0131 a\u00e7\u0131klamada,<strong> &#8220;Biz asl\u0131nda hocalar olarak \u00e7ok yeterli \u00e7al\u0131\u015f\u0131yoruz. Burada herkes \u00e7ok \u00e2l\u00e2. Biz birilierini getireceksek daha \u00e7al\u0131\u015fkan insanlar\u0131 getirmemiz gerekiyor. Tom, futbol g\u00f6r\u00fc\u015f\u00fc \u00e7ok d\u00fczg\u00fcn olan bir tahlilci. Daha evvel birlikte \u00e7al\u0131\u015ft\u0131m. Bize bedel katacak. John Vik&#8217;le birlikte \u00e7al\u0131\u015ft\u0131m bize dayana\u011f\u0131 olacak. Bu alanda bir destek istersem liderimizin bana takviye olaca\u011f\u0131n\u0131 biliyorum. Ad\u0131m ad\u0131m daha g\u00fczel bir Be\u015fikta\u015f in\u015fa etmek i\u00e7in bu \u00e7abay\u0131 g\u00f6sterece\u011fiz.&#8221;<\/strong> tabirlerini kulland\u0131.<\/p>\n<p><img decoding=\"async\" src=\"https:\/\/haberbesiktas.tr\/wp-content\/uploads\/2025\/03\/besiktasta-teknik-ekibe-takviye-tom-green-0-DYRNlFQE.jpeg\"\/><\/p>\n<\/div>\n","protected":false},"excerpt":{"rendered":"<p>Manchester United&#8217;da tahlilci olarak misyon alan Tom Green, Be\u015fikta\u015f&#8217;ta Ole Gunnar Solskjaer&#8217;in tak\u0131m\u0131na kat\u0131ld\u0131.<\/p>\n","protected":false},"author":1,"featured_media":15790,"comment_status":"open","ping_status":"open","sticky":false,"template":"","format":"standard","meta":{"footnotes":""},"categories":[10],"tags":[],"class_list":["post-15789","post","type-post","status-publish","format-standard","has-post-thumbnail","hentry","category-basketbol"],"_links":{"self":[{"href":"https:\/\/haberbesiktas.tr\/index.php?rest_route=\/wp\/v2\/posts\/15789","targetHints":{"allow":["GET"]}}],"collection":[{"href":"https:\/\/haberbesiktas.tr\/index.php?rest_route=\/wp\/v2\/posts"}],"about":[{"href":"https:\/\/haberbesiktas.tr\/index.php?rest_route=\/wp\/v2\/types\/post"}],"author":[{"embeddable":true,"href":"https:\/\/haberbesiktas.tr\/index.php?rest_route=\/wp\/v2\/users\/1"}],"replies":[{"embeddable":true,"href":"https:\/\/haberbesiktas.tr\/index.php?rest_route=%2Fwp%2Fv2%2Fcomments&post=15789"}],"version-history":[{"count":1,"href":"https:\/\/haberbesiktas.tr\/index.php?rest_route=\/wp\/v2\/posts\/15789\/revisions"}],"predecessor-version":[{"id":15792,"href":"https:\/\/haberbesiktas.tr\/index.php?rest_route=\/wp\/v2\/posts\/15789\/revisions\/15792"}],"wp:featuredmedia":[{"embeddable":true,"href":"https:\/\/haberbesiktas.tr\/index.php?rest_route=\/wp\/v2\/media\/15790"}],"wp:attachment":[{"href":"https:\/\/haberbesiktas.tr\/index.php?rest_route=%2Fwp%2Fv2%2Fmedia&parent=15789"}],"wp:term":[{"taxonomy":"category","embeddable":true,"href":"https:\/\/haberbesiktas.tr\/index.php?rest_route=%2Fwp%2Fv2%2Fcategories&post=15789"},{"taxonomy":"post_tag","embeddable":true,"href":"https:\/\/haberbesiktas.tr\/index.php?rest_route=%2Fwp%2Fv2%2Ftags&post=15789"}],"curies":[{"name":"wp","href":"https:\/\/api.w.org\/{rel}","templated":true}]}}