{"id":15987,"date":"2025-03-09T21:24:07","date_gmt":"2025-03-09T21:24:07","guid":{"rendered":"https:\/\/haberbesiktas.tr\/?p=15987"},"modified":"2025-03-09T21:24:07","modified_gmt":"2025-03-09T21:24:07","slug":"fenerbahcede-umutlar-tukendi-cengiz-under","status":"publish","type":"post","link":"https:\/\/haberbesiktas.tr\/?p=15987","title":{"rendered":"Fenerbah\u00e7e&#8217;de umutlar t\u00fckendi: Cengiz \u00dcnder"},"content":{"rendered":"<div>Fenerbah\u00e7e tarihinin en de\u011ferli oyuncular\u0131ndan olan Cengiz \u00dcnder, en b\u00fcy\u00fck hayal k\u0131r\u0131kl\u0131klar\u0131ndan birine d\u00f6n\u00fc\u015ft\u00fc.<\/p>\n<p> Fenerbah\u00e7e ge\u00e7en d\u00f6nem kalecide yabanc\u0131ya (Livakovic) d\u00f6nerken, alandaki \u00fc\u00e7 yerliden biri olarak Cengiz \u00dcnder \u00fczere ulusal bir y\u0131ld\u0131z\u0131 se\u00e7mek k\u0131ymetli bir atakt\u0131.<\/p>\n<p> <strong>HAKKINI VEREMED\u0130<\/strong><\/p>\n<p>Sar\u0131-lacivertliler, Roma, Leicester, Marsilya g\u00f6rm\u00fc\u015f, ulusal kadronun gediklisi, 26 ya\u015f\u0131ndaki oyuncu i\u00e7in Arda&#8217;dan gelen paray\u0131 kullanmakta sak\u0131nca g\u00f6rmedi. 15 milyon euro Fenerbah\u00e7e&#8217;nin bir oyuncu i\u00e7in \u00f6dedi\u011fi en y\u00fcksek bonservis say\u0131s\u0131yd\u0131 ki, bug\u00fcn bile Cengiz en de\u011ferli yerli unvan\u0131n\u0131 koruyor. Fakat 27 ya\u015f\u0131ndaki oyuncu ne isminin ne de ald\u0131\u011f\u0131 paran\u0131n hakk\u0131n\u0131 verebilmi\u015f de\u011fil.<\/p>\n<p> <strong>ARTIK PARLAMIYOR<\/strong><\/p>\n<p>Fenerbah\u00e7e ile y\u0131ll\u0131k 3,7 milyon eurodan, d\u00f6rt y\u0131ll\u0131k mutabakat yapan Cengiz, ge\u00e7en d\u00f6nem 18&#8217;i birinci on birde olmak \u00fczere 33 ma\u00e7ta forma giydi. Hi\u00e7bir ma\u00e7ta 90 dakika alanda kalamayan Cengiz, ma\u00e7 ba\u015f\u0131na ortalama 41 dakika misyon yaparken, 9 gol, 2 asistlik skor katk\u0131s\u0131 sa\u011flad\u0131. Bu d\u00f6nem ise grubun ba\u015f\u0131na Cengiz&#8217;i Roma&#8217;dan g\u00f6nderen Jose Mourinho geldi. Portekizlinin tak\u0131mda istemedi\u011fi deneyimli oyuncu forma rekabetinde kayboldu. Art\u0131k ise Cengiz de ekipten ayr\u0131lmak istiyor. Lakin art\u0131k eskisi kadar parlamayan, maliyeti y\u00fcksek y\u0131ld\u0131z\u0131 isteyen hi\u00e7bir grup yok.<\/p>\n<\/div>\n","protected":false},"excerpt":{"rendered":"<p>Fenerbah\u00e7e tarihinin en k\u0131ymetli oyuncular\u0131ndan olan Cengiz \u00dcnder, en b\u00fcy\u00fck hayal k\u0131r\u0131kl\u0131klar\u0131ndan birine d\u00f6n\u00fc\u015ft\u00fc.<\/p>\n","protected":false},"author":1,"featured_media":15988,"comment_status":"open","ping_status":"open","sticky":false,"template":"","format":"standard","meta":{"footnotes":""},"categories":[25],"tags":[637,49],"class_list":["post-15987","post","type-post","status-publish","format-standard","has-post-thumbnail","hentry","category-futbol","tag-cengiz","tag-oyuncu"],"_links":{"self":[{"href":"https:\/\/haberbesiktas.tr\/index.php?rest_route=\/wp\/v2\/posts\/15987","targetHints":{"allow":["GET"]}}],"collection":[{"href":"https:\/\/haberbesiktas.tr\/index.php?rest_route=\/wp\/v2\/posts"}],"about":[{"href":"https:\/\/haberbesiktas.tr\/index.php?rest_route=\/wp\/v2\/types\/post"}],"author":[{"embeddable":true,"href":"https:\/\/haberbesiktas.tr\/index.php?rest_route=\/wp\/v2\/users\/1"}],"replies":[{"embeddable":true,"href":"https:\/\/haberbesiktas.tr\/index.php?rest_route=%2Fwp%2Fv2%2Fcomments&post=15987"}],"version-history":[{"count":1,"href":"https:\/\/haberbesiktas.tr\/index.php?rest_route=\/wp\/v2\/posts\/15987\/revisions"}],"predecessor-version":[{"id":15989,"href":"https:\/\/haberbesiktas.tr\/index.php?rest_route=\/wp\/v2\/posts\/15987\/revisions\/15989"}],"wp:featuredmedia":[{"embeddable":true,"href":"https:\/\/haberbesiktas.tr\/index.php?rest_route=\/wp\/v2\/media\/15988"}],"wp:attachment":[{"href":"https:\/\/haberbesiktas.tr\/index.php?rest_route=%2Fwp%2Fv2%2Fmedia&parent=15987"}],"wp:term":[{"taxonomy":"category","embeddable":true,"href":"https:\/\/haberbesiktas.tr\/index.php?rest_route=%2Fwp%2Fv2%2Fcategories&post=15987"},{"taxonomy":"post_tag","embeddable":true,"href":"https:\/\/haberbesiktas.tr\/index.php?rest_route=%2Fwp%2Fv2%2Ftags&post=15987"}],"curies":[{"name":"wp","href":"https:\/\/api.w.org\/{rel}","templated":true}]}}