{"id":15990,"date":"2025-03-09T21:36:05","date_gmt":"2025-03-09T21:36:05","guid":{"rendered":"https:\/\/haberbesiktas.tr\/?p=15990"},"modified":"2025-03-09T21:36:05","modified_gmt":"2025-03-09T21:36:05","slug":"ferdi-kadiogluna-nazar-degdi","status":"publish","type":"post","link":"https:\/\/haberbesiktas.tr\/?p=15990","title":{"rendered":"Ferdi Kad\u0131o\u011flu&#8217;na nazar de\u011fdi"},"content":{"rendered":"<div>Sezon ba\u015f\u0131nda Fenerbah\u00e7e&#8217;den Brighton&#8217;a giden Ferdi Kad\u0131o\u011flu&#8217;na nazar de\u011fdi. T\u00fcrkiye&#8217;den 30 milyon Euro rekor bonservisle yurt d\u0131\u015f\u0131n\u0131n yolunu tutan en k\u0131ymetli isim olan ulusal sol bek, transferi sonras\u0131 a\u011f\u0131r bir sakatl\u0131k ya\u015fad\u0131.<\/p>\n<p> <strong>\u00dcST \u00dcSTE SAKATLIKLAR<\/strong><\/p>\n<p>\u00c7ok y\u00f6nl\u00fcl\u00fc\u011f\u00fcyle g\u00f6ze girmi\u015f ve tam form tutmaya ba\u015flam\u0131\u015fken Ferdi&#8217;nin, Kas\u0131m 2024&#8217;te sol ayak ba\u015fparma\u011f\u0131 ekleminde kaps\u00fcl y\u0131rt\u0131\u011f\u0131 tespit edildi. \u0130ki ay alanlardan uzak kalan oyuncuya uzun dinlenme m\u00fcddeti tan\u0131narak ameliyat yap\u0131lmad\u0131. Lakin sorunun 3. derece oldu\u011funun anla\u015f\u0131lmas\u0131n\u0131n akabinde operasyon ge\u00e7irdi.<\/p>\n<p> <strong>FENERBAH\u00c7E&#8217;DE TOPLAM BU KADAR KA\u00c7IRMADI<\/strong><\/p>\n<p>Deneyimli isim, uygun ba\u015flad\u0131\u011f\u0131 Ada maceras\u0131n\u0131n daha ba\u015f\u0131nda \u015fanss\u0131zl\u0131\u011fa yenik d\u00fc\u015ft\u00fc. 2024-25 d\u00f6nemini kapatan gurbet\u00e7i y\u0131ld\u0131z, \u015fu ana kadar 16 ma\u00e7 ka\u00e7\u0131r\u0131rken say\u0131; en az 30&#8217;u, azam\u00ee da 35&#8217;i bulabilir. Fenerbah\u00e7e&#8217;de ge\u00e7irdi\u011fi 6 d\u00f6nemde toplam 28 m\u00fcsabakada sakatl\u0131\u011f\u0131 nedeniyle alanda yer alamayan Ferdi, yaln\u0131zca 6 ayl\u0131k Brighton ser\u00fcveninde bunu a\u015fm\u0131\u015f olacak. Ba\u015far\u0131l\u0131 futbolcu, A Ulusal Tak\u0131m\u0131m\u0131z&#8217;\u0131n Macaristan ile 20 Mart Per\u015fembe g\u00fcn\u00fc oynayaca\u011f\u0131 Uluslar Ligi play-off u\u011fra\u015f\u0131nda de kadroda olmayacak.<\/p><\/div>\n","protected":false},"excerpt":{"rendered":"<p>D\u00f6nem ba\u015f\u0131nda Fenerbah\u00e7e&#8217;den Brighton&#8217;a transfer olan Ferdi Kad\u0131o\u011flu, sakatl\u0131klardan kurtulamad\u0131.<\/p>\n","protected":false},"author":1,"featured_media":15991,"comment_status":"open","ping_status":"open","sticky":false,"template":"","format":"standard","meta":{"footnotes":""},"categories":[25],"tags":[],"class_list":["post-15990","post","type-post","status-publish","format-standard","has-post-thumbnail","hentry","category-futbol"],"_links":{"self":[{"href":"https:\/\/haberbesiktas.tr\/index.php?rest_route=\/wp\/v2\/posts\/15990","targetHints":{"allow":["GET"]}}],"collection":[{"href":"https:\/\/haberbesiktas.tr\/index.php?rest_route=\/wp\/v2\/posts"}],"about":[{"href":"https:\/\/haberbesiktas.tr\/index.php?rest_route=\/wp\/v2\/types\/post"}],"author":[{"embeddable":true,"href":"https:\/\/haberbesiktas.tr\/index.php?rest_route=\/wp\/v2\/users\/1"}],"replies":[{"embeddable":true,"href":"https:\/\/haberbesiktas.tr\/index.php?rest_route=%2Fwp%2Fv2%2Fcomments&post=15990"}],"version-history":[{"count":1,"href":"https:\/\/haberbesiktas.tr\/index.php?rest_route=\/wp\/v2\/posts\/15990\/revisions"}],"predecessor-version":[{"id":15992,"href":"https:\/\/haberbesiktas.tr\/index.php?rest_route=\/wp\/v2\/posts\/15990\/revisions\/15992"}],"wp:featuredmedia":[{"embeddable":true,"href":"https:\/\/haberbesiktas.tr\/index.php?rest_route=\/wp\/v2\/media\/15991"}],"wp:attachment":[{"href":"https:\/\/haberbesiktas.tr\/index.php?rest_route=%2Fwp%2Fv2%2Fmedia&parent=15990"}],"wp:term":[{"taxonomy":"category","embeddable":true,"href":"https:\/\/haberbesiktas.tr\/index.php?rest_route=%2Fwp%2Fv2%2Fcategories&post=15990"},{"taxonomy":"post_tag","embeddable":true,"href":"https:\/\/haberbesiktas.tr\/index.php?rest_route=%2Fwp%2Fv2%2Ftags&post=15990"}],"curies":[{"name":"wp","href":"https:\/\/api.w.org\/{rel}","templated":true}]}}