{"id":15996,"date":"2025-03-09T22:00:06","date_gmt":"2025-03-09T22:00:06","guid":{"rendered":"https:\/\/haberbesiktas.tr\/?p=15996"},"modified":"2025-03-09T22:00:06","modified_gmt":"2025-03-09T22:00:06","slug":"victor-osimhen-galatasaray-icin-buyuk-teklifi-reddetti","status":"publish","type":"post","link":"https:\/\/haberbesiktas.tr\/?p=15996","title":{"rendered":"Victor Osimhen, Galatasaray i\u00e7in b\u00fcy\u00fck teklifi reddetti"},"content":{"rendered":"<div>Galatasaray&#8217;\u0131n s\u00fcrpriz bir halde d\u00f6nem ba\u015f\u0131nda Napoli&#8217;den bir y\u0131ll\u0131\u011f\u0131na kiralad\u0131\u011f\u0131 Victor Osimhen, sar\u0131-k\u0131rm\u0131z\u0131l\u0131 kul\u00fcp i\u00e7in dev teklifi geri \u00e7evirdi.<\/p>\n<p> Calciomercato&#8217;nun haberine nazaran Nijeryal\u0131 golc\u00fc, Suudi Arabistan&#8217;dan gelen, ekonomik a\u00e7\u0131dan s\u0131ra d\u0131\u015f\u0131 bir teklifi geri \u00e7evirdi.<\/p>\n<p> <strong>80 M\u0130LYONLUK TEKL\u0130F<\/strong><\/p>\n<p>S\u00f6z konusu habere nazaran Al Ahli, Napoli&#8217;ye fesih unsurunun k\u0131ymetinden 5 milyon fazla olan 80 milyon euro \u00f6demeye haz\u0131rd\u0131. Fakat Osimhen, Avrupa Ligi&#8217;ni ve T\u00fcrkiye \u015fampiyonlu\u011funu kazanmak istedi\u011fi i\u00e7in kelam konusu teklifi reddetti. Napoli&#8217;nin bask\u0131s\u0131na kar\u015f\u0131n Nijeryal\u0131 golc\u00fc, mukavelesinden vazge\u00e7medi.<\/p>\n<p> <strong>KARARINI D\u00d6NEM SONU VERECEK<\/strong><\/p>\n<p>Osimhen, bu d\u00f6nem sonunda menajeri Roberto Calenda ve Napoli ile masaya oturup gelece\u011fine karar verecek. Galatasaray hala yar\u0131\u015fta olsa da 75 milyon euro&#8217;luk \u00f6zg\u00fcr kalma bedeli nedeniyle Manchester United, Juventus, Arsenal ve Chelsea, Nijeryal\u0131 y\u0131ld\u0131z i\u00e7in daha muhtemel bir se\u00e7enek olarak \u00f6n plana \u00e7\u0131k\u0131yor.<\/p>\n<\/div>\n","protected":false},"excerpt":{"rendered":"<p>Galatasaray&#8217;\u0131n s\u00fcrpriz bir bi\u00e7imde d\u00f6nem ba\u015f\u0131nda Napoli&#8217;den bir y\u0131ll\u0131\u011f\u0131na kiralad\u0131\u011f\u0131 Victor Osimhen, sar\u0131-k\u0131rm\u0131z\u0131l\u0131 kul\u00fcp i\u00e7in dev teklifi geri \u00e7evirdi.<\/p>\n","protected":false},"author":1,"featured_media":15997,"comment_status":"open","ping_status":"open","sticky":false,"template":"","format":"standard","meta":{"footnotes":""},"categories":[25],"tags":[],"class_list":["post-15996","post","type-post","status-publish","format-standard","has-post-thumbnail","hentry","category-futbol"],"_links":{"self":[{"href":"https:\/\/haberbesiktas.tr\/index.php?rest_route=\/wp\/v2\/posts\/15996","targetHints":{"allow":["GET"]}}],"collection":[{"href":"https:\/\/haberbesiktas.tr\/index.php?rest_route=\/wp\/v2\/posts"}],"about":[{"href":"https:\/\/haberbesiktas.tr\/index.php?rest_route=\/wp\/v2\/types\/post"}],"author":[{"embeddable":true,"href":"https:\/\/haberbesiktas.tr\/index.php?rest_route=\/wp\/v2\/users\/1"}],"replies":[{"embeddable":true,"href":"https:\/\/haberbesiktas.tr\/index.php?rest_route=%2Fwp%2Fv2%2Fcomments&post=15996"}],"version-history":[{"count":1,"href":"https:\/\/haberbesiktas.tr\/index.php?rest_route=\/wp\/v2\/posts\/15996\/revisions"}],"predecessor-version":[{"id":15998,"href":"https:\/\/haberbesiktas.tr\/index.php?rest_route=\/wp\/v2\/posts\/15996\/revisions\/15998"}],"wp:featuredmedia":[{"embeddable":true,"href":"https:\/\/haberbesiktas.tr\/index.php?rest_route=\/wp\/v2\/media\/15997"}],"wp:attachment":[{"href":"https:\/\/haberbesiktas.tr\/index.php?rest_route=%2Fwp%2Fv2%2Fmedia&parent=15996"}],"wp:term":[{"taxonomy":"category","embeddable":true,"href":"https:\/\/haberbesiktas.tr\/index.php?rest_route=%2Fwp%2Fv2%2Fcategories&post=15996"},{"taxonomy":"post_tag","embeddable":true,"href":"https:\/\/haberbesiktas.tr\/index.php?rest_route=%2Fwp%2Fv2%2Ftags&post=15996"}],"curies":[{"name":"wp","href":"https:\/\/api.w.org\/{rel}","templated":true}]}}