{"id":16002,"date":"2025-03-09T22:24:07","date_gmt":"2025-03-09T22:24:07","guid":{"rendered":"https:\/\/haberbesiktas.tr\/?p=16002"},"modified":"2025-03-09T22:24:07","modified_gmt":"2025-03-09T22:24:07","slug":"dragus-20-dakika-ile-kaldi","status":"publish","type":"post","link":"https:\/\/haberbesiktas.tr\/?p=16002","title":{"rendered":"Dragu\u015f, 20 dakika ile kald\u0131!"},"content":{"rendered":"<div>Dragu\u015f&#8217;un transferi direkten d\u00f6nd\u00fc&#8230;.<\/p>\n<p> Rumen bas\u0131n\u0131na konu\u015fan futbolcunun vaftiz babas\u0131 Marius Sumudica, Real Valladolid&#8217;in transfer devrinin bitmesine 20 dakika kala Dragu\u015f i\u00e7in resmi teklif yapt\u0131\u011f\u0131n\u0131 a\u00e7\u0131klad\u0131.<\/p>\n<p> Sumudica, &#8220;Trabzonspor, oyuncuyu sat\u0131n alma opsiyonuyla kiral\u0131k g\u00f6ndermek istedi. Valladolid, maa\u015f\u0131n\u0131 \u00f6demeyi kabul etti fakat kiralama bedeli konusunda taraflar muahedeye varamad\u0131&#8221; tabirlerini kulland\u0131.<\/p>\n<p> Bu geli\u015fme sonras\u0131 Dragu\u015f, d\u00f6nemin kalan k\u0131sm\u0131nda Trabzonspor formas\u0131 giymeye devam edecek. Transferin son anda yatmas\u0131, oyuncunun gelece\u011fiyle ilgili soru i\u015faretleri olu\u015ftururken, d\u00f6nem sonu yeni bir transfer te\u015febb\u00fcs\u00fcn\u00fcn olabilece\u011fi \u00f6\u011frenildi.<\/p>\n<\/div>\n","protected":false},"excerpt":{"rendered":"<p>Trabzonspor&#8217;un Rumen y\u0131ld\u0131z\u0131 Denis Dragu\u015f&#8217;un Valladolid&#8217;e transferi son anda ger\u00e7ekle\u015fmedi.<\/p>\n","protected":false},"author":1,"featured_media":16003,"comment_status":"open","ping_status":"open","sticky":false,"template":"","format":"standard","meta":{"footnotes":""},"categories":[25],"tags":[],"class_list":["post-16002","post","type-post","status-publish","format-standard","has-post-thumbnail","hentry","category-futbol"],"_links":{"self":[{"href":"https:\/\/haberbesiktas.tr\/index.php?rest_route=\/wp\/v2\/posts\/16002","targetHints":{"allow":["GET"]}}],"collection":[{"href":"https:\/\/haberbesiktas.tr\/index.php?rest_route=\/wp\/v2\/posts"}],"about":[{"href":"https:\/\/haberbesiktas.tr\/index.php?rest_route=\/wp\/v2\/types\/post"}],"author":[{"embeddable":true,"href":"https:\/\/haberbesiktas.tr\/index.php?rest_route=\/wp\/v2\/users\/1"}],"replies":[{"embeddable":true,"href":"https:\/\/haberbesiktas.tr\/index.php?rest_route=%2Fwp%2Fv2%2Fcomments&post=16002"}],"version-history":[{"count":1,"href":"https:\/\/haberbesiktas.tr\/index.php?rest_route=\/wp\/v2\/posts\/16002\/revisions"}],"predecessor-version":[{"id":16004,"href":"https:\/\/haberbesiktas.tr\/index.php?rest_route=\/wp\/v2\/posts\/16002\/revisions\/16004"}],"wp:featuredmedia":[{"embeddable":true,"href":"https:\/\/haberbesiktas.tr\/index.php?rest_route=\/wp\/v2\/media\/16003"}],"wp:attachment":[{"href":"https:\/\/haberbesiktas.tr\/index.php?rest_route=%2Fwp%2Fv2%2Fmedia&parent=16002"}],"wp:term":[{"taxonomy":"category","embeddable":true,"href":"https:\/\/haberbesiktas.tr\/index.php?rest_route=%2Fwp%2Fv2%2Fcategories&post=16002"},{"taxonomy":"post_tag","embeddable":true,"href":"https:\/\/haberbesiktas.tr\/index.php?rest_route=%2Fwp%2Fv2%2Ftags&post=16002"}],"curies":[{"name":"wp","href":"https:\/\/api.w.org\/{rel}","templated":true}]}}