{"id":16005,"date":"2025-03-09T22:36:06","date_gmt":"2025-03-09T22:36:06","guid":{"rendered":"https:\/\/haberbesiktas.tr\/?p=16005"},"modified":"2025-03-09T22:36:06","modified_gmt":"2025-03-09T22:36:06","slug":"mustafa-eskihellacin-cileli-yolculugu","status":"publish","type":"post","link":"https:\/\/haberbesiktas.tr\/?p=16005","title":{"rendered":"Mustafa Eskihella\u00e7&#8217;\u0131n \u00e7ileli yolculu\u011fu"},"content":{"rendered":"<div>Trabzonspor&#8217;un bu devir tak\u0131m\u0131na katt\u0131\u011f\u0131 \u00fc\u00e7\u00fcnc\u00fc oyuncu olan Mustafa Eskihella\u00e7, \u00e7ileli bir seyahatin akabinde kente ula\u015ft\u0131.<\/p>\n<p> U\u00e7aklardaki aktarma saatleri uzun oldu\u011fu i\u00e7in d\u00fcnk\u00fc egzersize yeti\u015fmek isteyen 27 ya\u015f\u0131ndaki futbolcu, karayoluyla gelmeyi tercih etti. Lakin bu kere kar p\u00fcr\u00fcz\u00fcne tak\u0131ld\u0131.<\/p>\n<p> Gaziantep&#8217;ten \u00f6\u011flen saatlerinde arac\u0131yla yola \u00e7\u0131kan 1.75 uzunlu\u011fundaki sol bek, Malatya-Sivas yolunda a\u011f\u0131r kar ya\u011f\u0131\u015f\u0131 nedeniyle mahsur kald\u0131. Arac\u0131n\u0131 cazip ile kurtaran Mustafa, Malatya&#8217;da konaklad\u0131ktan sonra sabaha kar\u015f\u0131 tekrar yola \u00e7\u0131kt\u0131. 24 saat s\u00fcren uzun seyahatin akabinde Trabzon&#8217;a ula\u015ft\u0131.<\/p>\n<p> Oyuncunun idmana kat\u0131lmak i\u00e7in bu seyahate katlanmas\u0131, teknik grubun de takdirini toplad\u0131.<\/p>\n<p> <span><strong>Ey\u00fcp ma\u00e7\u0131nda birinci 11&#8217;de<\/strong><\/span><\/p>\n<p> Bordo mavili ekipte Barisic&#8217;in kiral\u0131k olarak g\u00f6nderilmesi Eren Elmal\u0131&#8217;n\u0131n kart cezal\u0131s\u0131 olmas\u0131 ve Arif Bo\u015fluk&#8217;un tedavisinin devam etmesi nedeniyle sol bek kalmam\u0131\u015ft\u0131. Mustafa Eskihella\u00e7, Ey\u00fcpspor ma\u00e7\u0131nda sol bekte misyon yapacak.<\/p>\n<p> \u00a0<\/p>\n<\/div>\n","protected":false},"excerpt":{"rendered":"<p>Mustafa Eskihella\u00e7, cuma g\u00fcnk\u00fc idmana yeti\u015fmek i\u00e7in Gaziantep&#8217;ten arac\u0131yla yola \u00e7\u0131kt\u0131. A\u011f\u0131r karda mahsur kald\u0131, yakla\u015f\u0131k 24 saatlik bir seyahatle Trabzon&#8217;a ula\u015fabildi.<\/p>\n","protected":false},"author":1,"featured_media":16006,"comment_status":"open","ping_status":"open","sticky":false,"template":"","format":"standard","meta":{"footnotes":""},"categories":[25],"tags":[81],"class_list":["post-16005","post","type-post","status-publish","format-standard","has-post-thumbnail","hentry","category-futbol","tag-kar"],"_links":{"self":[{"href":"https:\/\/haberbesiktas.tr\/index.php?rest_route=\/wp\/v2\/posts\/16005","targetHints":{"allow":["GET"]}}],"collection":[{"href":"https:\/\/haberbesiktas.tr\/index.php?rest_route=\/wp\/v2\/posts"}],"about":[{"href":"https:\/\/haberbesiktas.tr\/index.php?rest_route=\/wp\/v2\/types\/post"}],"author":[{"embeddable":true,"href":"https:\/\/haberbesiktas.tr\/index.php?rest_route=\/wp\/v2\/users\/1"}],"replies":[{"embeddable":true,"href":"https:\/\/haberbesiktas.tr\/index.php?rest_route=%2Fwp%2Fv2%2Fcomments&post=16005"}],"version-history":[{"count":1,"href":"https:\/\/haberbesiktas.tr\/index.php?rest_route=\/wp\/v2\/posts\/16005\/revisions"}],"predecessor-version":[{"id":16007,"href":"https:\/\/haberbesiktas.tr\/index.php?rest_route=\/wp\/v2\/posts\/16005\/revisions\/16007"}],"wp:featuredmedia":[{"embeddable":true,"href":"https:\/\/haberbesiktas.tr\/index.php?rest_route=\/wp\/v2\/media\/16006"}],"wp:attachment":[{"href":"https:\/\/haberbesiktas.tr\/index.php?rest_route=%2Fwp%2Fv2%2Fmedia&parent=16005"}],"wp:term":[{"taxonomy":"category","embeddable":true,"href":"https:\/\/haberbesiktas.tr\/index.php?rest_route=%2Fwp%2Fv2%2Fcategories&post=16005"},{"taxonomy":"post_tag","embeddable":true,"href":"https:\/\/haberbesiktas.tr\/index.php?rest_route=%2Fwp%2Fv2%2Ftags&post=16005"}],"curies":[{"name":"wp","href":"https:\/\/api.w.org\/{rel}","templated":true}]}}